{"id":4951,"date":"2023-06-21T08:32:13","date_gmt":"2023-06-21T06:32:13","guid":{"rendered":"https:\/\/www.cech.nowytarg.pl\/?p=4951"},"modified":"2023-06-21T08:48:44","modified_gmt":"2023-06-21T06:48:44","slug":"sukcesy-uczennicy","status":"publish","type":"post","link":"https:\/\/www.cech.nowytarg.pl\/index.php\/2023\/06\/21\/sukcesy-uczennicy\/","title":{"rendered":"Sukcesy uczennicy"},"content":{"rendered":"<p>Karina Mr\u00f3wka, kt\u00f3ra jest uczennic\u0105 klasy 2a, uczestniczy\u0142a w bie\u017c\u0105cym roku szkolnym w og\u00f3lnopolskich konkursach, na kt\u00f3re wykona\u0142a prace plastyczne i fotograficzne. W Og\u00f3lnopolskim Konkursie Plastycznym T\u0119cza, zosta\u0142a nagrodzona dyplomem uznania za wykonan\u0105 prac\u0119 plastyczn\u0105. Natomiast w konkursie fotograficznym \u201eW u\u0142amku sekundy\u201d uzyska\u0142a wyr\u00f3\u017cnienie.<\/p>\n<p>Gratulujemy Karinie i oczywi\u015bcie \u017cyczymy kolejnych sukces\u00f3w w klasie trzeciej.<\/p>\n<p>&nbsp;<\/p>\n<p><img decoding=\"async\" loading=\"lazy\" class=\"size-medium wp-image-4953 aligncenter\" src=\"https:\/\/www.cech.nowytarg.pl\/wp-content\/uploads\/2023\/06\/20230620_122756-225x300.jpg\" alt=\"\" width=\"225\" height=\"300\" srcset=\"https:\/\/www.cech.nowytarg.pl\/wp-content\/uploads\/2023\/06\/20230620_122756-225x300.jpg 225w, https:\/\/www.cech.nowytarg.pl\/wp-content\/uploads\/2023\/06\/20230620_122756-768x1024.jpg 768w, https:\/\/www.cech.nowytarg.pl\/wp-content\/uploads\/2023\/06\/20230620_122756-1152x1536.jpg 1152w, https:\/\/www.cech.nowytarg.pl\/wp-content\/uploads\/2023\/06\/20230620_122756-1536x2048.jpg 1536w, https:\/\/www.cech.nowytarg.pl\/wp-content\/uploads\/2023\/06\/20230620_122756-scaled.jpg 1920w\" sizes=\"(max-width: 225px) 100vw, 225px\" \/> <img decoding=\"async\" loading=\"lazy\" class=\"size-medium wp-image-4952 aligncenter\" src=\"https:\/\/www.cech.nowytarg.pl\/wp-content\/uploads\/2023\/06\/20230620_122747-225x300.jpg\" alt=\"\" width=\"225\" height=\"300\" srcset=\"https:\/\/www.cech.nowytarg.pl\/wp-content\/uploads\/2023\/06\/20230620_122747-225x300.jpg 225w, https:\/\/www.cech.nowytarg.pl\/wp-content\/uploads\/2023\/06\/20230620_122747-768x1024.jpg 768w, https:\/\/www.cech.nowytarg.pl\/wp-content\/uploads\/2023\/06\/20230620_122747-1152x1536.jpg 1152w, https:\/\/www.cech.nowytarg.pl\/wp-content\/uploads\/2023\/06\/20230620_122747-1536x2048.jpg 1536w, https:\/\/www.cech.nowytarg.pl\/wp-content\/uploads\/2023\/06\/20230620_122747-scaled.jpg 1920w\" sizes=\"(max-width: 225px) 100vw, 225px\" \/><\/p>\n","protected":false},"excerpt":{"rendered":"<p>Karina Mr\u00f3wka, kt\u00f3ra jest uczennic\u0105 klasy 2a, uczestniczy\u0142a w bie\u017c\u0105cym roku szkolnym w og\u00f3lnopolskich konkursach, na kt\u00f3re wykona\u0142a prace plastyczne i fotograficzne. W Og\u00f3lnopolskim Konkursie Plastycznym T\u0119cza, zosta\u0142a nagrodzona dyplomem uznania za wykonan\u0105 prac\u0119 plastyczn\u0105. Natomiast w konkursie fotograficznym \u201eW u\u0142amku sekundy\u201d uzyska\u0142a wyr\u00f3\u017cnienie. Gratulujemy Karinie i oczywi\u015bcie \u017cyczymy kolejnych sukces\u00f3w w klasie trzeciej. &nbsp;<\/p>\n","protected":false},"author":3,"featured_media":4952,"comment_status":"closed","ping_status":"closed","sticky":false,"template":"","format":"standard","meta":{"footnotes":""},"categories":[8],"tags":[],"featured_image":"https:\/\/www.cech.nowytarg.pl\/wp-content\/uploads\/2023\/06\/20230620_122747-scaled.jpg","_links":{"self":[{"href":"https:\/\/www.cech.nowytarg.pl\/index.php\/wp-json\/wp\/v2\/posts\/4951"}],"collection":[{"href":"https:\/\/www.cech.nowytarg.pl\/index.php\/wp-json\/wp\/v2\/posts"}],"about":[{"href":"https:\/\/www.cech.nowytarg.pl\/index.php\/wp-json\/wp\/v2\/types\/post"}],"author":[{"embeddable":true,"href":"https:\/\/www.cech.nowytarg.pl\/index.php\/wp-json\/wp\/v2\/users\/3"}],"replies":[{"embeddable":true,"href":"https:\/\/www.cech.nowytarg.pl\/index.php\/wp-json\/wp\/v2\/comments?post=4951"}],"version-history":[{"count":2,"href":"https:\/\/www.cech.nowytarg.pl\/index.php\/wp-json\/wp\/v2\/posts\/4951\/revisions"}],"predecessor-version":[{"id":4955,"href":"https:\/\/www.cech.nowytarg.pl\/index.php\/wp-json\/wp\/v2\/posts\/4951\/revisions\/4955"}],"wp:featuredmedia":[{"embeddable":true,"href":"https:\/\/www.cech.nowytarg.pl\/index.php\/wp-json\/wp\/v2\/media\/4952"}],"wp:attachment":[{"href":"https:\/\/www.cech.nowytarg.pl\/index.php\/wp-json\/wp\/v2\/media?parent=4951"}],"wp:term":[{"taxonomy":"category","embeddable":true,"href":"https:\/\/www.cech.nowytarg.pl\/index.php\/wp-json\/wp\/v2\/categories?post=4951"},{"taxonomy":"post_tag","embeddable":true,"href":"https:\/\/www.cech.nowytarg.pl\/index.php\/wp-json\/wp\/v2\/tags?post=4951"}],"curies":[{"name":"wp","href":"https:\/\/api.w.org\/{rel}","templated":true}]}}