{"id":5374,"date":"2024-01-17T11:02:25","date_gmt":"2024-01-17T10:02:25","guid":{"rendered":"https:\/\/www.cech.nowytarg.pl\/?p=5374"},"modified":"2024-01-17T11:02:25","modified_gmt":"2024-01-17T10:02:25","slug":"polfinaly-powiatowej-licealiady-w-halowej-pilce-noznej-chlopcow","status":"publish","type":"post","link":"https:\/\/www.cech.nowytarg.pl\/index.php\/2024\/01\/17\/polfinaly-powiatowej-licealiady-w-halowej-pilce-noznej-chlopcow\/","title":{"rendered":"P\u00f3\u0142fina\u0142y powiatowej Licealiady w halowej pi\u0142ce no\u017cnej ch\u0142opc\u00f3w"},"content":{"rendered":"\n<p>Dnia 16 stycznia 2024 r. w Nowym Targu odby\u0142y si\u0119 p\u00f3\u0142fina\u0142y w halowej pi\u0142ce no\u017cnej ch\u0142opc\u00f3w. Dru\u017cyna naszej szko\u0142y w sk\u0142adzie: Jakub Budzyk, Bartosz Ciureja, Piotr Dziedzic, Patryk \u0141ukaszczyk, David Mirga, Mateusz Mrowi\u0144ski, Szymon \u015aleziak, Kacper Top\u00f3r-M\u0105dry, zaj\u0119\u0142a IV miejsce. <\/p>\n\n\n\n<figure class=\"wp-block-gallery has-nested-images columns-default is-cropped wp-block-gallery-1 is-layout-flex wp-block-gallery-is-layout-flex\">\n<figure class=\"wp-block-image size-large\"><a href=\"https:\/\/www.cech.nowytarg.pl\/wp-content\/uploads\/2024\/01\/IMG_20240116_095641-scaled.jpg\"><img decoding=\"async\" loading=\"lazy\" width=\"576\" height=\"1024\" data-id=\"5375\" src=\"https:\/\/www.cech.nowytarg.pl\/wp-content\/uploads\/2024\/01\/IMG_20240116_095641-576x1024.jpg\" alt=\"\" class=\"wp-image-5375\" srcset=\"https:\/\/www.cech.nowytarg.pl\/wp-content\/uploads\/2024\/01\/IMG_20240116_095641-576x1024.jpg 576w, https:\/\/www.cech.nowytarg.pl\/wp-content\/uploads\/2024\/01\/IMG_20240116_095641-169x300.jpg 169w, https:\/\/www.cech.nowytarg.pl\/wp-content\/uploads\/2024\/01\/IMG_20240116_095641-768x1365.jpg 768w, https:\/\/www.cech.nowytarg.pl\/wp-content\/uploads\/2024\/01\/IMG_20240116_095641-864x1536.jpg 864w, https:\/\/www.cech.nowytarg.pl\/wp-content\/uploads\/2024\/01\/IMG_20240116_095641-1152x2048.jpg 1152w, https:\/\/www.cech.nowytarg.pl\/wp-content\/uploads\/2024\/01\/IMG_20240116_095641-scaled.jpg 1440w\" sizes=\"(max-width: 576px) 100vw, 576px\" \/><\/a><\/figure>\n\n\n\n<figure class=\"wp-block-image size-large\"><a href=\"https:\/\/www.cech.nowytarg.pl\/wp-content\/uploads\/2024\/01\/IMG_20240116_095707-scaled.jpg\"><img decoding=\"async\" loading=\"lazy\" width=\"576\" height=\"1024\" data-id=\"5376\" src=\"https:\/\/www.cech.nowytarg.pl\/wp-content\/uploads\/2024\/01\/IMG_20240116_095707-576x1024.jpg\" alt=\"\" class=\"wp-image-5376\" srcset=\"https:\/\/www.cech.nowytarg.pl\/wp-content\/uploads\/2024\/01\/IMG_20240116_095707-576x1024.jpg 576w, https:\/\/www.cech.nowytarg.pl\/wp-content\/uploads\/2024\/01\/IMG_20240116_095707-169x300.jpg 169w, https:\/\/www.cech.nowytarg.pl\/wp-content\/uploads\/2024\/01\/IMG_20240116_095707-768x1365.jpg 768w, https:\/\/www.cech.nowytarg.pl\/wp-content\/uploads\/2024\/01\/IMG_20240116_095707-864x1536.jpg 864w, https:\/\/www.cech.nowytarg.pl\/wp-content\/uploads\/2024\/01\/IMG_20240116_095707-1152x2048.jpg 1152w, https:\/\/www.cech.nowytarg.pl\/wp-content\/uploads\/2024\/01\/IMG_20240116_095707-scaled.jpg 1440w\" sizes=\"(max-width: 576px) 100vw, 576px\" \/><\/a><\/figure>\n\n\n\n<figure class=\"wp-block-image size-large\"><a href=\"https:\/\/www.cech.nowytarg.pl\/wp-content\/uploads\/2024\/01\/dyplom-scaled.jpg\"><img decoding=\"async\" loading=\"lazy\" width=\"724\" height=\"1024\" data-id=\"5377\" src=\"https:\/\/www.cech.nowytarg.pl\/wp-content\/uploads\/2024\/01\/dyplom-724x1024.jpg\" alt=\"\" class=\"wp-image-5377\" srcset=\"https:\/\/www.cech.nowytarg.pl\/wp-content\/uploads\/2024\/01\/dyplom-724x1024.jpg 724w, https:\/\/www.cech.nowytarg.pl\/wp-content\/uploads\/2024\/01\/dyplom-212x300.jpg 212w, https:\/\/www.cech.nowytarg.pl\/wp-content\/uploads\/2024\/01\/dyplom-768x1086.jpg 768w, https:\/\/www.cech.nowytarg.pl\/wp-content\/uploads\/2024\/01\/dyplom-1086x1536.jpg 1086w, https:\/\/www.cech.nowytarg.pl\/wp-content\/uploads\/2024\/01\/dyplom-1449x2048.jpg 1449w, https:\/\/www.cech.nowytarg.pl\/wp-content\/uploads\/2024\/01\/dyplom-scaled.jpg 1811w\" sizes=\"(max-width: 724px) 100vw, 724px\" \/><\/a><\/figure>\n<\/figure>\n","protected":false},"excerpt":{"rendered":"<p>Dnia 16 stycznia 2024 r. w Nowym Targu odby\u0142y si\u0119 p\u00f3\u0142fina\u0142y w halowej pi\u0142ce no\u017cnej ch\u0142opc\u00f3w. Dru\u017cyna naszej szko\u0142y w sk\u0142adzie: Jakub Budzyk, Bartosz Ciureja, Piotr Dziedzic, Patryk \u0141ukaszczyk, David Mirga, Mateusz Mrowi\u0144ski, Szymon \u015aleziak, Kacper Top\u00f3r-M\u0105dry, zaj\u0119\u0142a IV miejsce.<\/p>\n","protected":false},"author":3,"featured_media":5378,"comment_status":"closed","ping_status":"closed","sticky":false,"template":"","format":"standard","meta":{"footnotes":""},"categories":[8],"tags":[],"featured_image":"https:\/\/www.cech.nowytarg.pl\/wp-content\/uploads\/2024\/01\/dyplom-\u2014-kopia.jpg","_links":{"self":[{"href":"https:\/\/www.cech.nowytarg.pl\/index.php\/wp-json\/wp\/v2\/posts\/5374"}],"collection":[{"href":"https:\/\/www.cech.nowytarg.pl\/index.php\/wp-json\/wp\/v2\/posts"}],"about":[{"href":"https:\/\/www.cech.nowytarg.pl\/index.php\/wp-json\/wp\/v2\/types\/post"}],"author":[{"embeddable":true,"href":"https:\/\/www.cech.nowytarg.pl\/index.php\/wp-json\/wp\/v2\/users\/3"}],"replies":[{"embeddable":true,"href":"https:\/\/www.cech.nowytarg.pl\/index.php\/wp-json\/wp\/v2\/comments?post=5374"}],"version-history":[{"count":1,"href":"https:\/\/www.cech.nowytarg.pl\/index.php\/wp-json\/wp\/v2\/posts\/5374\/revisions"}],"predecessor-version":[{"id":5379,"href":"https:\/\/www.cech.nowytarg.pl\/index.php\/wp-json\/wp\/v2\/posts\/5374\/revisions\/5379"}],"wp:featuredmedia":[{"embeddable":true,"href":"https:\/\/www.cech.nowytarg.pl\/index.php\/wp-json\/wp\/v2\/media\/5378"}],"wp:attachment":[{"href":"https:\/\/www.cech.nowytarg.pl\/index.php\/wp-json\/wp\/v2\/media?parent=5374"}],"wp:term":[{"taxonomy":"category","embeddable":true,"href":"https:\/\/www.cech.nowytarg.pl\/index.php\/wp-json\/wp\/v2\/categories?post=5374"},{"taxonomy":"post_tag","embeddable":true,"href":"https:\/\/www.cech.nowytarg.pl\/index.php\/wp-json\/wp\/v2\/tags?post=5374"}],"curies":[{"name":"wp","href":"https:\/\/api.w.org\/{rel}","templated":true}]}}