{"id":5405,"date":"2024-02-07T14:49:01","date_gmt":"2024-02-07T13:49:01","guid":{"rendered":"https:\/\/www.cech.nowytarg.pl\/?p=5405"},"modified":"2024-02-07T14:49:01","modified_gmt":"2024-02-07T13:49:01","slug":"zawody-powiatowe-w-halowej-pilce-noznej-dziewczat","status":"publish","type":"post","link":"https:\/\/www.cech.nowytarg.pl\/index.php\/2024\/02\/07\/zawody-powiatowe-w-halowej-pilce-noznej-dziewczat\/","title":{"rendered":"Zawody powiatowe w halowej pi\u0142ce no\u017cnej dziewcz\u0105t"},"content":{"rendered":"\n<p>Dnia 2 lutego 2024 r. w Nowym Targu odby\u0142y si\u0119 zawody powiatowe w halowej pi\u0142ce no\u017cnej dziewcz\u0105t. Dru\u017cyna w sk\u0142adzie: Natalia Gelata, Sabina Kukuc, Julia Mardu\u0142a, Karolina Migiel, Angelika Mrowi\u0144ska, Magdalena Mulica, Anna Nalepka, Marcelina Osowska, Zuzanna \u017b\u00f3\u0142tek, zaj\u0119\u0142a V miejsce.<\/p>\n\n\n\n<p>Opiekun: Janusz Denenfeld<\/p>\n\n\n\n<figure class=\"wp-block-gallery has-nested-images columns-default is-cropped wp-block-gallery-1 is-layout-flex wp-block-gallery-is-layout-flex\">\n<figure class=\"wp-block-image size-large\"><a href=\"https:\/\/www.cech.nowytarg.pl\/wp-content\/uploads\/2024\/02\/IMG_20240202_095041-scaled.jpg\"><img decoding=\"async\" loading=\"lazy\" width=\"576\" height=\"1024\" data-id=\"5407\" src=\"https:\/\/www.cech.nowytarg.pl\/wp-content\/uploads\/2024\/02\/IMG_20240202_095041-576x1024.jpg\" alt=\"\" class=\"wp-image-5407\" srcset=\"https:\/\/www.cech.nowytarg.pl\/wp-content\/uploads\/2024\/02\/IMG_20240202_095041-576x1024.jpg 576w, https:\/\/www.cech.nowytarg.pl\/wp-content\/uploads\/2024\/02\/IMG_20240202_095041-169x300.jpg 169w, https:\/\/www.cech.nowytarg.pl\/wp-content\/uploads\/2024\/02\/IMG_20240202_095041-768x1365.jpg 768w, https:\/\/www.cech.nowytarg.pl\/wp-content\/uploads\/2024\/02\/IMG_20240202_095041-864x1536.jpg 864w, https:\/\/www.cech.nowytarg.pl\/wp-content\/uploads\/2024\/02\/IMG_20240202_095041-1152x2048.jpg 1152w, https:\/\/www.cech.nowytarg.pl\/wp-content\/uploads\/2024\/02\/IMG_20240202_095041-scaled.jpg 1440w\" sizes=\"(max-width: 576px) 100vw, 576px\" \/><\/a><\/figure>\n\n\n\n<figure class=\"wp-block-image size-large\"><a href=\"https:\/\/www.cech.nowytarg.pl\/wp-content\/uploads\/2024\/02\/IMG_20240202_094409-scaled.jpg\"><img decoding=\"async\" loading=\"lazy\" width=\"576\" height=\"1024\" data-id=\"5410\" src=\"https:\/\/www.cech.nowytarg.pl\/wp-content\/uploads\/2024\/02\/IMG_20240202_094409-576x1024.jpg\" alt=\"\" class=\"wp-image-5410\" srcset=\"https:\/\/www.cech.nowytarg.pl\/wp-content\/uploads\/2024\/02\/IMG_20240202_094409-576x1024.jpg 576w, https:\/\/www.cech.nowytarg.pl\/wp-content\/uploads\/2024\/02\/IMG_20240202_094409-169x300.jpg 169w, https:\/\/www.cech.nowytarg.pl\/wp-content\/uploads\/2024\/02\/IMG_20240202_094409-768x1365.jpg 768w, https:\/\/www.cech.nowytarg.pl\/wp-content\/uploads\/2024\/02\/IMG_20240202_094409-864x1536.jpg 864w, https:\/\/www.cech.nowytarg.pl\/wp-content\/uploads\/2024\/02\/IMG_20240202_094409-1152x2048.jpg 1152w, https:\/\/www.cech.nowytarg.pl\/wp-content\/uploads\/2024\/02\/IMG_20240202_094409-scaled.jpg 1440w\" sizes=\"(max-width: 576px) 100vw, 576px\" \/><\/a><\/figure>\n\n\n\n<figure class=\"wp-block-image size-large\"><a href=\"https:\/\/www.cech.nowytarg.pl\/wp-content\/uploads\/2024\/02\/IMG_20240202_103706_1-2-scaled.jpg\"><img decoding=\"async\" loading=\"lazy\" width=\"1024\" height=\"576\" data-id=\"5409\" src=\"https:\/\/www.cech.nowytarg.pl\/wp-content\/uploads\/2024\/02\/IMG_20240202_103706_1-2-1024x576.jpg\" alt=\"\" class=\"wp-image-5409\" srcset=\"https:\/\/www.cech.nowytarg.pl\/wp-content\/uploads\/2024\/02\/IMG_20240202_103706_1-2-1024x576.jpg 1024w, https:\/\/www.cech.nowytarg.pl\/wp-content\/uploads\/2024\/02\/IMG_20240202_103706_1-2-300x169.jpg 300w, https:\/\/www.cech.nowytarg.pl\/wp-content\/uploads\/2024\/02\/IMG_20240202_103706_1-2-768x432.jpg 768w, https:\/\/www.cech.nowytarg.pl\/wp-content\/uploads\/2024\/02\/IMG_20240202_103706_1-2-1536x864.jpg 1536w, https:\/\/www.cech.nowytarg.pl\/wp-content\/uploads\/2024\/02\/IMG_20240202_103706_1-2-2048x1152.jpg 2048w\" sizes=\"(max-width: 1024px) 100vw, 1024px\" \/><\/a><\/figure>\n<\/figure>\n","protected":false},"excerpt":{"rendered":"<p>Dnia 2 lutego 2024 r. w Nowym Targu odby\u0142y si\u0119 zawody powiatowe w halowej pi\u0142ce no\u017cnej dziewcz\u0105t. Dru\u017cyna w sk\u0142adzie: Natalia Gelata, Sabina Kukuc, Julia Mardu\u0142a, Karolina Migiel, Angelika Mrowi\u0144ska, Magdalena Mulica, Anna Nalepka, Marcelina Osowska, Zuzanna \u017b\u00f3\u0142tek, zaj\u0119\u0142a V miejsce. Opiekun: Janusz Denenfeld<\/p>\n","protected":false},"author":3,"featured_media":5408,"comment_status":"closed","ping_status":"closed","sticky":false,"template":"","format":"standard","meta":{"footnotes":""},"categories":[8],"tags":[],"featured_image":"https:\/\/www.cech.nowytarg.pl\/wp-content\/uploads\/2024\/02\/IMG_20240202_103706_1-1-scaled.jpg","_links":{"self":[{"href":"https:\/\/www.cech.nowytarg.pl\/index.php\/wp-json\/wp\/v2\/posts\/5405"}],"collection":[{"href":"https:\/\/www.cech.nowytarg.pl\/index.php\/wp-json\/wp\/v2\/posts"}],"about":[{"href":"https:\/\/www.cech.nowytarg.pl\/index.php\/wp-json\/wp\/v2\/types\/post"}],"author":[{"embeddable":true,"href":"https:\/\/www.cech.nowytarg.pl\/index.php\/wp-json\/wp\/v2\/users\/3"}],"replies":[{"embeddable":true,"href":"https:\/\/www.cech.nowytarg.pl\/index.php\/wp-json\/wp\/v2\/comments?post=5405"}],"version-history":[{"count":1,"href":"https:\/\/www.cech.nowytarg.pl\/index.php\/wp-json\/wp\/v2\/posts\/5405\/revisions"}],"predecessor-version":[{"id":5411,"href":"https:\/\/www.cech.nowytarg.pl\/index.php\/wp-json\/wp\/v2\/posts\/5405\/revisions\/5411"}],"wp:featuredmedia":[{"embeddable":true,"href":"https:\/\/www.cech.nowytarg.pl\/index.php\/wp-json\/wp\/v2\/media\/5408"}],"wp:attachment":[{"href":"https:\/\/www.cech.nowytarg.pl\/index.php\/wp-json\/wp\/v2\/media?parent=5405"}],"wp:term":[{"taxonomy":"category","embeddable":true,"href":"https:\/\/www.cech.nowytarg.pl\/index.php\/wp-json\/wp\/v2\/categories?post=5405"},{"taxonomy":"post_tag","embeddable":true,"href":"https:\/\/www.cech.nowytarg.pl\/index.php\/wp-json\/wp\/v2\/tags?post=5405"}],"curies":[{"name":"wp","href":"https:\/\/api.w.org\/{rel}","templated":true}]}}