{"id":5549,"date":"2024-05-07T10:53:34","date_gmt":"2024-05-07T08:53:34","guid":{"rendered":"https:\/\/www.cech.nowytarg.pl\/?p=5549"},"modified":"2024-05-07T11:01:27","modified_gmt":"2024-05-07T09:01:27","slug":"zawody-powiatowe-w-pilce-noznej-chlopcow","status":"publish","type":"post","link":"https:\/\/www.cech.nowytarg.pl\/index.php\/2024\/05\/07\/zawody-powiatowe-w-pilce-noznej-chlopcow\/","title":{"rendered":"Zawody powiatowe w pi\u0142ce no\u017cnej ch\u0142opc\u00f3w"},"content":{"rendered":"\n<p>Dnia 25.04.2024 r. na stadionie miejskim w Nowym Targu odby\u0142y si\u0119 zawody powiatowe w pi\u0142ce no\u017cnej ch\u0142opc\u00f3w.  Dru\u017cyna w sk\u0142adzie: Kacper Top\u00f3r-M\u0105dry, Szymon \u015aleziak, Jakub Budzyk, Piotr Gabor, Piotr Dziedzic, David Mirga, zaj\u0119\u0142a V miejsce po bardzo dobrych spotkaniach.<br><br><\/p>\n\n\n\n<figure class=\"wp-block-gallery has-nested-images columns-default is-cropped wp-block-gallery-1 is-layout-flex wp-block-gallery-is-layout-flex\">\n<figure class=\"wp-block-image size-large\"><img decoding=\"async\" loading=\"lazy\" width=\"576\" height=\"1024\" data-id=\"5550\" src=\"https:\/\/www.cech.nowytarg.pl\/wp-content\/uploads\/2024\/05\/image0-576x1024.jpeg\" alt=\"\" class=\"wp-image-5550\" srcset=\"https:\/\/www.cech.nowytarg.pl\/wp-content\/uploads\/2024\/05\/image0-576x1024.jpeg 576w, https:\/\/www.cech.nowytarg.pl\/wp-content\/uploads\/2024\/05\/image0-169x300.jpeg 169w, https:\/\/www.cech.nowytarg.pl\/wp-content\/uploads\/2024\/05\/image0-768x1365.jpeg 768w, https:\/\/www.cech.nowytarg.pl\/wp-content\/uploads\/2024\/05\/image0-864x1536.jpeg 864w, https:\/\/www.cech.nowytarg.pl\/wp-content\/uploads\/2024\/05\/image0.jpeg 1125w\" sizes=\"(max-width: 576px) 100vw, 576px\" \/><\/figure>\n\n\n\n<figure class=\"wp-block-image size-large\"><img decoding=\"async\" data-id=\"5551\" src=\"https:\/\/www.cech.nowytarg.pl\/wp-content\/uploads\/2024\/05\/image2-576x1024.jpeg\" alt=\"\" class=\"wp-image-5551\" \/><\/figure>\n<\/figure>\n","protected":false},"excerpt":{"rendered":"<p>Dnia 25.04.2024 r. na stadionie miejskim w Nowym Targu odby\u0142y si\u0119 zawody powiatowe w pi\u0142ce no\u017cnej ch\u0142opc\u00f3w. Dru\u017cyna w sk\u0142adzie: Kacper Top\u00f3r-M\u0105dry, Szymon \u015aleziak, Jakub Budzyk, Piotr Gabor, Piotr Dziedzic, David Mirga, zaj\u0119\u0142a V miejsce po bardzo dobrych spotkaniach.<\/p>\n","protected":false},"author":3,"featured_media":5553,"comment_status":"closed","ping_status":"closed","sticky":false,"template":"","format":"standard","meta":{"footnotes":""},"categories":[8],"tags":[],"featured_image":"https:\/\/www.cech.nowytarg.pl\/wp-content\/uploads\/2024\/05\/image21.jpeg","_links":{"self":[{"href":"https:\/\/www.cech.nowytarg.pl\/index.php\/wp-json\/wp\/v2\/posts\/5549"}],"collection":[{"href":"https:\/\/www.cech.nowytarg.pl\/index.php\/wp-json\/wp\/v2\/posts"}],"about":[{"href":"https:\/\/www.cech.nowytarg.pl\/index.php\/wp-json\/wp\/v2\/types\/post"}],"author":[{"embeddable":true,"href":"https:\/\/www.cech.nowytarg.pl\/index.php\/wp-json\/wp\/v2\/users\/3"}],"replies":[{"embeddable":true,"href":"https:\/\/www.cech.nowytarg.pl\/index.php\/wp-json\/wp\/v2\/comments?post=5549"}],"version-history":[{"count":2,"href":"https:\/\/www.cech.nowytarg.pl\/index.php\/wp-json\/wp\/v2\/posts\/5549\/revisions"}],"predecessor-version":[{"id":5554,"href":"https:\/\/www.cech.nowytarg.pl\/index.php\/wp-json\/wp\/v2\/posts\/5549\/revisions\/5554"}],"wp:featuredmedia":[{"embeddable":true,"href":"https:\/\/www.cech.nowytarg.pl\/index.php\/wp-json\/wp\/v2\/media\/5553"}],"wp:attachment":[{"href":"https:\/\/www.cech.nowytarg.pl\/index.php\/wp-json\/wp\/v2\/media?parent=5549"}],"wp:term":[{"taxonomy":"category","embeddable":true,"href":"https:\/\/www.cech.nowytarg.pl\/index.php\/wp-json\/wp\/v2\/categories?post=5549"},{"taxonomy":"post_tag","embeddable":true,"href":"https:\/\/www.cech.nowytarg.pl\/index.php\/wp-json\/wp\/v2\/tags?post=5549"}],"curies":[{"name":"wp","href":"https:\/\/api.w.org\/{rel}","templated":true}]}}