{"id":5603,"date":"2024-06-05T10:47:48","date_gmt":"2024-06-05T08:47:48","guid":{"rendered":"https:\/\/www.cech.nowytarg.pl\/?p=5603"},"modified":"2024-06-05T10:47:48","modified_gmt":"2024-06-05T08:47:48","slug":"spotkanie-z-pania-barbara-sowinska-osoba-niewidoma","status":"publish","type":"post","link":"https:\/\/www.cech.nowytarg.pl\/index.php\/2024\/06\/05\/spotkanie-z-pania-barbara-sowinska-osoba-niewidoma\/","title":{"rendered":"Spotkanie z Pani\u0105 Barbar\u0105 Sowi\u0144sk\u0105 &#8211; osob\u0105 niewidom\u0105"},"content":{"rendered":"\n<p>W dniu 22.05.2024 r. \u00a0uczniowie klasy 1 a spotkali si\u0119 z pani\u0105 Barbar\u0105 Sowi\u0144sk\u0105- osob\u0105 niewidom\u0105, kt\u00f3ra przybli\u017cy\u0142a \u00a0tematyk\u0119 niepe\u0142nosprawno\u015bci os\u00f3b niewidomych i s\u0142abowidz\u0105cych. \u00a0Pani Basia, opowiada\u0142a w jaki spos\u00f3b funkcjonuj\u0105 osoby niewidome, na jakie trudno\u015bci napotykaj\u0105 w codziennym \u017cyciu. Zach\u0119ca\u0142a, by nie ba\u0107 si\u0119 pomaga\u0107, gdy spotkaj\u0105 ich na swojej drodze.<\/p>\n\n\n\n<p>Uczniowie sami mogli si\u0119 przekona\u0107 jak trudno jest porusza\u0107 si\u0119 osobom niewidomym, chodz\u0105c po sali z zamkni\u0119tymi oczami, u\u017cywaj\u0105c jedynie laski.\u00a0<\/p>\n\n\n\n<figure class=\"wp-block-gallery has-nested-images columns-2 is-cropped wp-block-gallery-1 is-layout-flex wp-block-gallery-is-layout-flex\">\n<figure class=\"wp-block-image size-large\"><a href=\"https:\/\/www.cech.nowytarg.pl\/wp-content\/uploads\/2024\/06\/IMG_1520-scaled.jpeg\"><img decoding=\"async\" loading=\"lazy\" width=\"768\" height=\"1024\" data-id=\"5604\" src=\"https:\/\/www.cech.nowytarg.pl\/wp-content\/uploads\/2024\/06\/IMG_1520-768x1024.jpeg\" alt=\"\" class=\"wp-image-5604\" srcset=\"https:\/\/www.cech.nowytarg.pl\/wp-content\/uploads\/2024\/06\/IMG_1520-768x1024.jpeg 768w, https:\/\/www.cech.nowytarg.pl\/wp-content\/uploads\/2024\/06\/IMG_1520-225x300.jpeg 225w, https:\/\/www.cech.nowytarg.pl\/wp-content\/uploads\/2024\/06\/IMG_1520-1152x1536.jpeg 1152w, https:\/\/www.cech.nowytarg.pl\/wp-content\/uploads\/2024\/06\/IMG_1520-1536x2048.jpeg 1536w, https:\/\/www.cech.nowytarg.pl\/wp-content\/uploads\/2024\/06\/IMG_1520-scaled.jpeg 1920w\" sizes=\"(max-width: 768px) 100vw, 768px\" \/><\/a><\/figure>\n\n\n\n<figure class=\"wp-block-image size-large\"><a href=\"https:\/\/www.cech.nowytarg.pl\/wp-content\/uploads\/2024\/06\/IMG_1534-scaled.jpeg\"><img decoding=\"async\" loading=\"lazy\" width=\"768\" height=\"1024\" data-id=\"5606\" src=\"https:\/\/www.cech.nowytarg.pl\/wp-content\/uploads\/2024\/06\/IMG_1534-768x1024.jpeg\" alt=\"\" class=\"wp-image-5606\" srcset=\"https:\/\/www.cech.nowytarg.pl\/wp-content\/uploads\/2024\/06\/IMG_1534-768x1024.jpeg 768w, https:\/\/www.cech.nowytarg.pl\/wp-content\/uploads\/2024\/06\/IMG_1534-225x300.jpeg 225w, https:\/\/www.cech.nowytarg.pl\/wp-content\/uploads\/2024\/06\/IMG_1534-1152x1536.jpeg 1152w, https:\/\/www.cech.nowytarg.pl\/wp-content\/uploads\/2024\/06\/IMG_1534-1536x2048.jpeg 1536w, https:\/\/www.cech.nowytarg.pl\/wp-content\/uploads\/2024\/06\/IMG_1534-scaled.jpeg 1920w\" sizes=\"(max-width: 768px) 100vw, 768px\" \/><\/a><\/figure>\n\n\n\n<figure class=\"wp-block-image size-large\"><a href=\"https:\/\/www.cech.nowytarg.pl\/wp-content\/uploads\/2024\/06\/IMG_1523-scaled.jpeg\"><img decoding=\"async\" loading=\"lazy\" width=\"768\" height=\"1024\" data-id=\"5605\" src=\"https:\/\/www.cech.nowytarg.pl\/wp-content\/uploads\/2024\/06\/IMG_1523-768x1024.jpeg\" alt=\"\" class=\"wp-image-5605\" srcset=\"https:\/\/www.cech.nowytarg.pl\/wp-content\/uploads\/2024\/06\/IMG_1523-768x1024.jpeg 768w, https:\/\/www.cech.nowytarg.pl\/wp-content\/uploads\/2024\/06\/IMG_1523-225x300.jpeg 225w, https:\/\/www.cech.nowytarg.pl\/wp-content\/uploads\/2024\/06\/IMG_1523-1152x1536.jpeg 1152w, https:\/\/www.cech.nowytarg.pl\/wp-content\/uploads\/2024\/06\/IMG_1523-1536x2048.jpeg 1536w, https:\/\/www.cech.nowytarg.pl\/wp-content\/uploads\/2024\/06\/IMG_1523-scaled.jpeg 1920w\" sizes=\"(max-width: 768px) 100vw, 768px\" \/><\/a><\/figure>\n\n\n\n<figure class=\"wp-block-image size-large\"><a href=\"https:\/\/www.cech.nowytarg.pl\/wp-content\/uploads\/2024\/06\/IMG_1535-scaled.jpeg\"><img decoding=\"async\" loading=\"lazy\" width=\"768\" height=\"1024\" data-id=\"5607\" src=\"https:\/\/www.cech.nowytarg.pl\/wp-content\/uploads\/2024\/06\/IMG_1535-768x1024.jpeg\" alt=\"\" class=\"wp-image-5607\" srcset=\"https:\/\/www.cech.nowytarg.pl\/wp-content\/uploads\/2024\/06\/IMG_1535-768x1024.jpeg 768w, https:\/\/www.cech.nowytarg.pl\/wp-content\/uploads\/2024\/06\/IMG_1535-225x300.jpeg 225w, https:\/\/www.cech.nowytarg.pl\/wp-content\/uploads\/2024\/06\/IMG_1535-1152x1536.jpeg 1152w, https:\/\/www.cech.nowytarg.pl\/wp-content\/uploads\/2024\/06\/IMG_1535-1536x2048.jpeg 1536w, https:\/\/www.cech.nowytarg.pl\/wp-content\/uploads\/2024\/06\/IMG_1535-scaled.jpeg 1920w\" sizes=\"(max-width: 768px) 100vw, 768px\" \/><\/a><\/figure>\n<\/figure>\n","protected":false},"excerpt":{"rendered":"<p>W dniu 22.05.2024 r. \u00a0uczniowie klasy 1 a spotkali si\u0119 z pani\u0105 Barbar\u0105 Sowi\u0144sk\u0105- osob\u0105 niewidom\u0105, kt\u00f3ra przybli\u017cy\u0142a \u00a0tematyk\u0119 niepe\u0142nosprawno\u015bci os\u00f3b niewidomych i s\u0142abowidz\u0105cych. \u00a0Pani Basia, opowiada\u0142a w jaki spos\u00f3b funkcjonuj\u0105 osoby niewidome, na jakie trudno\u015bci napotykaj\u0105 w codziennym \u017cyciu. Zach\u0119ca\u0142a, by nie ba\u0107 si\u0119 pomaga\u0107, gdy spotkaj\u0105 ich na swojej drodze. Uczniowie sami mogli [&hellip;]<\/p>\n","protected":false},"author":3,"featured_media":5608,"comment_status":"closed","ping_status":"closed","sticky":false,"template":"","format":"standard","meta":{"footnotes":""},"categories":[8],"tags":[],"featured_image":"https:\/\/www.cech.nowytarg.pl\/wp-content\/uploads\/2024\/06\/IMG_1520-1-scaled.jpeg","_links":{"self":[{"href":"https:\/\/www.cech.nowytarg.pl\/index.php\/wp-json\/wp\/v2\/posts\/5603"}],"collection":[{"href":"https:\/\/www.cech.nowytarg.pl\/index.php\/wp-json\/wp\/v2\/posts"}],"about":[{"href":"https:\/\/www.cech.nowytarg.pl\/index.php\/wp-json\/wp\/v2\/types\/post"}],"author":[{"embeddable":true,"href":"https:\/\/www.cech.nowytarg.pl\/index.php\/wp-json\/wp\/v2\/users\/3"}],"replies":[{"embeddable":true,"href":"https:\/\/www.cech.nowytarg.pl\/index.php\/wp-json\/wp\/v2\/comments?post=5603"}],"version-history":[{"count":1,"href":"https:\/\/www.cech.nowytarg.pl\/index.php\/wp-json\/wp\/v2\/posts\/5603\/revisions"}],"predecessor-version":[{"id":5609,"href":"https:\/\/www.cech.nowytarg.pl\/index.php\/wp-json\/wp\/v2\/posts\/5603\/revisions\/5609"}],"wp:featuredmedia":[{"embeddable":true,"href":"https:\/\/www.cech.nowytarg.pl\/index.php\/wp-json\/wp\/v2\/media\/5608"}],"wp:attachment":[{"href":"https:\/\/www.cech.nowytarg.pl\/index.php\/wp-json\/wp\/v2\/media?parent=5603"}],"wp:term":[{"taxonomy":"category","embeddable":true,"href":"https:\/\/www.cech.nowytarg.pl\/index.php\/wp-json\/wp\/v2\/categories?post=5603"},{"taxonomy":"post_tag","embeddable":true,"href":"https:\/\/www.cech.nowytarg.pl\/index.php\/wp-json\/wp\/v2\/tags?post=5603"}],"curies":[{"name":"wp","href":"https:\/\/api.w.org\/{rel}","templated":true}]}}