{"id":5618,"date":"2024-06-13T13:06:45","date_gmt":"2024-06-13T11:06:45","guid":{"rendered":"https:\/\/www.cech.nowytarg.pl\/?p=5618"},"modified":"2024-06-13T13:06:45","modified_gmt":"2024-06-13T11:06:45","slug":"zawody-osrodka-w-pilce-noznej-dziewczat","status":"publish","type":"post","link":"https:\/\/www.cech.nowytarg.pl\/index.php\/2024\/06\/13\/zawody-osrodka-w-pilce-noznej-dziewczat\/","title":{"rendered":"Zawody O\u015brodka w Pi\u0142ce No\u017cnej Dziewcz\u0105t"},"content":{"rendered":"\n<p>Dnia 22.05 br. w Nowym Targu odby\u0142y si\u0119 zawody O\u015brodka w pi\u0142ce no\u017cnej dziewcz\u0105t. Reprezentacja szko\u0142y w sk\u0142adzie: Natalia Gelata, Sabina Kukuc, Karolina Migiel, Anna Nalepka, Zuzanna \u017b\u00f3\u0142tek, Zuzanna Szczechowicz, Dominika Szpernoga, zaj\u0119\u0142a III miejsce i awansowa\u0142a na zawody powiatowe.<\/p>\n\n\n\n<figure class=\"wp-block-gallery has-nested-images columns-3 is-cropped wp-block-gallery-1 is-layout-flex wp-block-gallery-is-layout-flex\">\n<figure class=\"wp-block-image size-large\"><a href=\"https:\/\/www.cech.nowytarg.pl\/wp-content\/uploads\/2024\/06\/img-20240611-wa0001.jpg\"><img decoding=\"async\" loading=\"lazy\" width=\"576\" height=\"1024\" data-id=\"5620\" src=\"https:\/\/www.cech.nowytarg.pl\/wp-content\/uploads\/2024\/06\/img-20240611-wa0001-576x1024.jpg\" alt=\"\" class=\"wp-image-5620\" srcset=\"https:\/\/www.cech.nowytarg.pl\/wp-content\/uploads\/2024\/06\/img-20240611-wa0001-576x1024.jpg 576w, https:\/\/www.cech.nowytarg.pl\/wp-content\/uploads\/2024\/06\/img-20240611-wa0001-169x300.jpg 169w, https:\/\/www.cech.nowytarg.pl\/wp-content\/uploads\/2024\/06\/img-20240611-wa0001-768x1365.jpg 768w, https:\/\/www.cech.nowytarg.pl\/wp-content\/uploads\/2024\/06\/img-20240611-wa0001-864x1536.jpg 864w, https:\/\/www.cech.nowytarg.pl\/wp-content\/uploads\/2024\/06\/img-20240611-wa0001.jpg 900w\" sizes=\"(max-width: 576px) 100vw, 576px\" \/><\/a><\/figure>\n\n\n\n<figure class=\"wp-block-image size-large\"><a href=\"https:\/\/www.cech.nowytarg.pl\/wp-content\/uploads\/2024\/06\/img-20240611-wa0002.jpg\"><img decoding=\"async\" loading=\"lazy\" width=\"576\" height=\"1024\" data-id=\"5621\" src=\"https:\/\/www.cech.nowytarg.pl\/wp-content\/uploads\/2024\/06\/img-20240611-wa0002-576x1024.jpg\" alt=\"\" class=\"wp-image-5621\" srcset=\"https:\/\/www.cech.nowytarg.pl\/wp-content\/uploads\/2024\/06\/img-20240611-wa0002-576x1024.jpg 576w, https:\/\/www.cech.nowytarg.pl\/wp-content\/uploads\/2024\/06\/img-20240611-wa0002-169x300.jpg 169w, https:\/\/www.cech.nowytarg.pl\/wp-content\/uploads\/2024\/06\/img-20240611-wa0002-768x1365.jpg 768w, https:\/\/www.cech.nowytarg.pl\/wp-content\/uploads\/2024\/06\/img-20240611-wa0002-864x1536.jpg 864w, https:\/\/www.cech.nowytarg.pl\/wp-content\/uploads\/2024\/06\/img-20240611-wa0002.jpg 900w\" sizes=\"(max-width: 576px) 100vw, 576px\" \/><\/a><\/figure>\n\n\n\n<figure class=\"wp-block-image size-large\"><a href=\"https:\/\/www.cech.nowytarg.pl\/wp-content\/uploads\/2024\/06\/img-20240611-wa0000-1-2-3.jpg\"><img decoding=\"async\" loading=\"lazy\" width=\"576\" height=\"1024\" data-id=\"5619\" src=\"https:\/\/www.cech.nowytarg.pl\/wp-content\/uploads\/2024\/06\/img-20240611-wa0000-1-2-3-576x1024.jpg\" alt=\"\" class=\"wp-image-5619\" srcset=\"https:\/\/www.cech.nowytarg.pl\/wp-content\/uploads\/2024\/06\/img-20240611-wa0000-1-2-3-576x1024.jpg 576w, https:\/\/www.cech.nowytarg.pl\/wp-content\/uploads\/2024\/06\/img-20240611-wa0000-1-2-3-169x300.jpg 169w, https:\/\/www.cech.nowytarg.pl\/wp-content\/uploads\/2024\/06\/img-20240611-wa0000-1-2-3-768x1365.jpg 768w, https:\/\/www.cech.nowytarg.pl\/wp-content\/uploads\/2024\/06\/img-20240611-wa0000-1-2-3-864x1536.jpg 864w, https:\/\/www.cech.nowytarg.pl\/wp-content\/uploads\/2024\/06\/img-20240611-wa0000-1-2-3.jpg 900w\" sizes=\"(max-width: 576px) 100vw, 576px\" \/><\/a><\/figure>\n<\/figure>\n","protected":false},"excerpt":{"rendered":"<p>Dnia 22.05 br. w Nowym Targu odby\u0142y si\u0119 zawody O\u015brodka w pi\u0142ce no\u017cnej dziewcz\u0105t. Reprezentacja szko\u0142y w sk\u0142adzie: Natalia Gelata, Sabina Kukuc, Karolina Migiel, Anna Nalepka, Zuzanna \u017b\u00f3\u0142tek, Zuzanna Szczechowicz, Dominika Szpernoga, zaj\u0119\u0142a III miejsce i awansowa\u0142a na zawody powiatowe.<\/p>\n","protected":false},"author":3,"featured_media":5622,"comment_status":"closed","ping_status":"closed","sticky":false,"template":"","format":"standard","meta":{"footnotes":""},"categories":[8],"tags":[],"featured_image":"https:\/\/www.cech.nowytarg.pl\/wp-content\/uploads\/2024\/06\/img-20240611-wa0003.jpg","_links":{"self":[{"href":"https:\/\/www.cech.nowytarg.pl\/index.php\/wp-json\/wp\/v2\/posts\/5618"}],"collection":[{"href":"https:\/\/www.cech.nowytarg.pl\/index.php\/wp-json\/wp\/v2\/posts"}],"about":[{"href":"https:\/\/www.cech.nowytarg.pl\/index.php\/wp-json\/wp\/v2\/types\/post"}],"author":[{"embeddable":true,"href":"https:\/\/www.cech.nowytarg.pl\/index.php\/wp-json\/wp\/v2\/users\/3"}],"replies":[{"embeddable":true,"href":"https:\/\/www.cech.nowytarg.pl\/index.php\/wp-json\/wp\/v2\/comments?post=5618"}],"version-history":[{"count":2,"href":"https:\/\/www.cech.nowytarg.pl\/index.php\/wp-json\/wp\/v2\/posts\/5618\/revisions"}],"predecessor-version":[{"id":5624,"href":"https:\/\/www.cech.nowytarg.pl\/index.php\/wp-json\/wp\/v2\/posts\/5618\/revisions\/5624"}],"wp:featuredmedia":[{"embeddable":true,"href":"https:\/\/www.cech.nowytarg.pl\/index.php\/wp-json\/wp\/v2\/media\/5622"}],"wp:attachment":[{"href":"https:\/\/www.cech.nowytarg.pl\/index.php\/wp-json\/wp\/v2\/media?parent=5618"}],"wp:term":[{"taxonomy":"category","embeddable":true,"href":"https:\/\/www.cech.nowytarg.pl\/index.php\/wp-json\/wp\/v2\/categories?post=5618"},{"taxonomy":"post_tag","embeddable":true,"href":"https:\/\/www.cech.nowytarg.pl\/index.php\/wp-json\/wp\/v2\/tags?post=5618"}],"curies":[{"name":"wp","href":"https:\/\/api.w.org\/{rel}","templated":true}]}}