{"id":5693,"date":"2024-10-28T13:49:21","date_gmt":"2024-10-28T12:49:21","guid":{"rendered":"https:\/\/www.cech.nowytarg.pl\/?p=5693"},"modified":"2024-10-28T13:52:24","modified_gmt":"2024-10-28T12:52:24","slug":"wyroznienie-na-gali-szkoly-rzemiosla-dla-dyrektora-zsb-i-st-crr-w-nowym-targu-pana-artura-kumeli","status":"publish","type":"post","link":"https:\/\/www.cech.nowytarg.pl\/index.php\/2024\/10\/28\/wyroznienie-na-gali-szkoly-rzemiosla-dla-dyrektora-zsb-i-st-crr-w-nowym-targu-pana-artura-kumeli\/","title":{"rendered":"Wyr\u00f3\u017cnienie na gali ,,Szko\u0142y rzemios\u0142a&#8221; dla Dyrektora ZSB I st. CRR w Nowym Targu Pana Artura Kumeli"},"content":{"rendered":"\n<p>Dyrektor Zawodowej Szko\u0142y Bran\u017cowej I stopnia Cechu Rzemios\u0142 R\u00f3\u017cnych w Nowym Targu i Centrum Kszta\u0142cenia Zawodowego Cechu Rzemios\u0142 R\u00f3\u017cnych w Nowym Targu Pan Artur Kumela zosta\u0142 wyr\u00f3\u017cniony na gali ,,Szko\u0142y Rzemios\u0142a&#8221; zorganizowanej przez Zwi\u0105zek Rzemios\u0142a Polskiego w dniu 15 pa\u017adziernika 2024 r. w Warszawie. Nagroda zosta\u0142a przyznana za trud wk\u0142adany w organizacj\u0119 procesu edukacyjnego  i zaanga\u017cowanie w rozw\u00f3j kszta\u0142cenia dualnego w rzemio\u015ble.<\/p>\n\n\n\n<p>Serdecznie gratulujemy!<\/p>\n\n\n\n<figure class=\"wp-block-gallery has-nested-images columns-default is-cropped wp-block-gallery-1 is-layout-flex wp-block-gallery-is-layout-flex\"><\/figure>\n","protected":false},"excerpt":{"rendered":"<p>Dyrektor Zawodowej Szko\u0142y Bran\u017cowej I stopnia Cechu Rzemios\u0142 R\u00f3\u017cnych w Nowym Targu i Centrum Kszta\u0142cenia Zawodowego Cechu Rzemios\u0142 R\u00f3\u017cnych w Nowym Targu Pan Artur Kumela zosta\u0142 wyr\u00f3\u017cniony na gali ,,Szko\u0142y Rzemios\u0142a&#8221; zorganizowanej przez Zwi\u0105zek Rzemios\u0142a Polskiego w dniu 15 pa\u017adziernika 2024 r. w Warszawie. Nagroda zosta\u0142a przyznana za trud wk\u0142adany w organizacj\u0119 procesu edukacyjnego i [&hellip;]<\/p>\n","protected":false},"author":3,"featured_media":5694,"comment_status":"closed","ping_status":"closed","sticky":false,"template":"","format":"standard","meta":{"footnotes":""},"categories":[8],"tags":[],"featured_image":"https:\/\/www.cech.nowytarg.pl\/wp-content\/uploads\/2024\/10\/img_20241028_132439554_hdr-scaled.jpg","_links":{"self":[{"href":"https:\/\/www.cech.nowytarg.pl\/index.php\/wp-json\/wp\/v2\/posts\/5693"}],"collection":[{"href":"https:\/\/www.cech.nowytarg.pl\/index.php\/wp-json\/wp\/v2\/posts"}],"about":[{"href":"https:\/\/www.cech.nowytarg.pl\/index.php\/wp-json\/wp\/v2\/types\/post"}],"author":[{"embeddable":true,"href":"https:\/\/www.cech.nowytarg.pl\/index.php\/wp-json\/wp\/v2\/users\/3"}],"replies":[{"embeddable":true,"href":"https:\/\/www.cech.nowytarg.pl\/index.php\/wp-json\/wp\/v2\/comments?post=5693"}],"version-history":[{"count":3,"href":"https:\/\/www.cech.nowytarg.pl\/index.php\/wp-json\/wp\/v2\/posts\/5693\/revisions"}],"predecessor-version":[{"id":5697,"href":"https:\/\/www.cech.nowytarg.pl\/index.php\/wp-json\/wp\/v2\/posts\/5693\/revisions\/5697"}],"wp:featuredmedia":[{"embeddable":true,"href":"https:\/\/www.cech.nowytarg.pl\/index.php\/wp-json\/wp\/v2\/media\/5694"}],"wp:attachment":[{"href":"https:\/\/www.cech.nowytarg.pl\/index.php\/wp-json\/wp\/v2\/media?parent=5693"}],"wp:term":[{"taxonomy":"category","embeddable":true,"href":"https:\/\/www.cech.nowytarg.pl\/index.php\/wp-json\/wp\/v2\/categories?post=5693"},{"taxonomy":"post_tag","embeddable":true,"href":"https:\/\/www.cech.nowytarg.pl\/index.php\/wp-json\/wp\/v2\/tags?post=5693"}],"curies":[{"name":"wp","href":"https:\/\/api.w.org\/{rel}","templated":true}]}}