{"id":5716,"date":"2024-10-30T13:35:05","date_gmt":"2024-10-30T12:35:05","guid":{"rendered":"https:\/\/www.cech.nowytarg.pl\/?p=5716"},"modified":"2024-12-12T12:44:36","modified_gmt":"2024-12-12T11:44:36","slug":"zawody-osrodka-w-koszykowce-3x3-chlopcow","status":"publish","type":"post","link":"https:\/\/www.cech.nowytarg.pl\/index.php\/2024\/10\/30\/zawody-osrodka-w-koszykowce-3x3-chlopcow\/","title":{"rendered":"Zawody O\u015brodka w Koszyk\u00f3wce 3&#215;3 ch\u0142opc\u00f3w"},"content":{"rendered":"\n<p>Dnia 28 pa\u017adziernika br. reprezentacja szko\u0142y w sk\u0142adzie Dawid Bieniek, Piotr Gabor, Kacper Top\u00f3r-M\u0105dry wzi\u0119\u0142a udzia\u0142 w zawodach O\u015brodka Sportowego w Nowym Targu w koszyk\u00f3wce ch\u0142opc\u00f3w 3&#215;3, zajmuj\u0105c V miejsce.<\/p>\n\n\n\n<p>Opiekun Janusz Denenfeld<\/p>\n\n\n\n<figure class=\"wp-block-gallery has-nested-images columns-default is-cropped wp-block-gallery-1 is-layout-flex wp-block-gallery-is-layout-flex\">\n<figure class=\"wp-block-image size-large\"><a href=\"https:\/\/www.cech.nowytarg.pl\/wp-content\/uploads\/2024\/12\/img-20241202-wa0005.jpg\"><img decoding=\"async\" loading=\"lazy\" width=\"576\" height=\"1024\" data-id=\"5719\" src=\"https:\/\/www.cech.nowytarg.pl\/wp-content\/uploads\/2024\/12\/img-20241202-wa0005-576x1024.jpg\" alt=\"\" class=\"wp-image-5719\" srcset=\"https:\/\/www.cech.nowytarg.pl\/wp-content\/uploads\/2024\/12\/img-20241202-wa0005-576x1024.jpg 576w, https:\/\/www.cech.nowytarg.pl\/wp-content\/uploads\/2024\/12\/img-20241202-wa0005-169x300.jpg 169w, https:\/\/www.cech.nowytarg.pl\/wp-content\/uploads\/2024\/12\/img-20241202-wa0005-768x1365.jpg 768w, https:\/\/www.cech.nowytarg.pl\/wp-content\/uploads\/2024\/12\/img-20241202-wa0005-864x1536.jpg 864w, https:\/\/www.cech.nowytarg.pl\/wp-content\/uploads\/2024\/12\/img-20241202-wa0005.jpg 900w\" sizes=\"(max-width: 576px) 100vw, 576px\" \/><\/a><\/figure>\n\n\n\n<figure class=\"wp-block-image size-large\"><a href=\"https:\/\/www.cech.nowytarg.pl\/wp-content\/uploads\/2024\/12\/img-20241202-wa0004.jpg\"><img decoding=\"async\" loading=\"lazy\" width=\"576\" height=\"1024\" data-id=\"5718\" src=\"https:\/\/www.cech.nowytarg.pl\/wp-content\/uploads\/2024\/12\/img-20241202-wa0004-576x1024.jpg\" alt=\"\" class=\"wp-image-5718\" srcset=\"https:\/\/www.cech.nowytarg.pl\/wp-content\/uploads\/2024\/12\/img-20241202-wa0004-576x1024.jpg 576w, https:\/\/www.cech.nowytarg.pl\/wp-content\/uploads\/2024\/12\/img-20241202-wa0004-169x300.jpg 169w, https:\/\/www.cech.nowytarg.pl\/wp-content\/uploads\/2024\/12\/img-20241202-wa0004-768x1365.jpg 768w, https:\/\/www.cech.nowytarg.pl\/wp-content\/uploads\/2024\/12\/img-20241202-wa0004-864x1536.jpg 864w, https:\/\/www.cech.nowytarg.pl\/wp-content\/uploads\/2024\/12\/img-20241202-wa0004.jpg 900w\" sizes=\"(max-width: 576px) 100vw, 576px\" \/><\/a><\/figure>\n\n\n\n<figure class=\"wp-block-image size-large\"><a href=\"https:\/\/www.cech.nowytarg.pl\/wp-content\/uploads\/2024\/12\/img-20241202-wa0003.jpg\"><img decoding=\"async\" loading=\"lazy\" width=\"576\" height=\"1024\" data-id=\"5717\" src=\"https:\/\/www.cech.nowytarg.pl\/wp-content\/uploads\/2024\/12\/img-20241202-wa0003-576x1024.jpg\" alt=\"\" class=\"wp-image-5717\" srcset=\"https:\/\/www.cech.nowytarg.pl\/wp-content\/uploads\/2024\/12\/img-20241202-wa0003-576x1024.jpg 576w, https:\/\/www.cech.nowytarg.pl\/wp-content\/uploads\/2024\/12\/img-20241202-wa0003-169x300.jpg 169w, https:\/\/www.cech.nowytarg.pl\/wp-content\/uploads\/2024\/12\/img-20241202-wa0003-768x1365.jpg 768w, https:\/\/www.cech.nowytarg.pl\/wp-content\/uploads\/2024\/12\/img-20241202-wa0003-864x1536.jpg 864w, https:\/\/www.cech.nowytarg.pl\/wp-content\/uploads\/2024\/12\/img-20241202-wa0003.jpg 900w\" sizes=\"(max-width: 576px) 100vw, 576px\" \/><\/a><\/figure>\n\n\n\n<figure class=\"wp-block-image size-large\"><a href=\"https:\/\/www.cech.nowytarg.pl\/wp-content\/uploads\/2024\/10\/20241211133219900_0001-scaled.jpg\"><img decoding=\"async\" loading=\"lazy\" width=\"724\" height=\"1024\" data-id=\"5722\" src=\"https:\/\/www.cech.nowytarg.pl\/wp-content\/uploads\/2024\/10\/20241211133219900_0001-724x1024.jpg\" alt=\"\" class=\"wp-image-5722\" srcset=\"https:\/\/www.cech.nowytarg.pl\/wp-content\/uploads\/2024\/10\/20241211133219900_0001-724x1024.jpg 724w, https:\/\/www.cech.nowytarg.pl\/wp-content\/uploads\/2024\/10\/20241211133219900_0001-212x300.jpg 212w, https:\/\/www.cech.nowytarg.pl\/wp-content\/uploads\/2024\/10\/20241211133219900_0001-768x1087.jpg 768w, https:\/\/www.cech.nowytarg.pl\/wp-content\/uploads\/2024\/10\/20241211133219900_0001-1085x1536.jpg 1085w, https:\/\/www.cech.nowytarg.pl\/wp-content\/uploads\/2024\/10\/20241211133219900_0001-1447x2048.jpg 1447w, https:\/\/www.cech.nowytarg.pl\/wp-content\/uploads\/2024\/10\/20241211133219900_0001-scaled.jpg 1809w\" sizes=\"(max-width: 724px) 100vw, 724px\" \/><\/a><\/figure>\n<\/figure>\n","protected":false},"excerpt":{"rendered":"<p>Dnia 28 pa\u017adziernika br. reprezentacja szko\u0142y w sk\u0142adzie Dawid Bieniek, Piotr Gabor, Kacper Top\u00f3r-M\u0105dry wzi\u0119\u0142a udzia\u0142 w zawodach O\u015brodka Sportowego w Nowym Targu w koszyk\u00f3wce ch\u0142opc\u00f3w 3&#215;3, zajmuj\u0105c V miejsce. Opiekun Janusz Denenfeld<\/p>\n","protected":false},"author":3,"featured_media":5720,"comment_status":"closed","ping_status":"closed","sticky":false,"template":"","format":"standard","meta":{"footnotes":""},"categories":[8],"tags":[],"featured_image":"https:\/\/www.cech.nowytarg.pl\/wp-content\/uploads\/2024\/12\/img-20241202-wa0005-1.jpg","_links":{"self":[{"href":"https:\/\/www.cech.nowytarg.pl\/index.php\/wp-json\/wp\/v2\/posts\/5716"}],"collection":[{"href":"https:\/\/www.cech.nowytarg.pl\/index.php\/wp-json\/wp\/v2\/posts"}],"about":[{"href":"https:\/\/www.cech.nowytarg.pl\/index.php\/wp-json\/wp\/v2\/types\/post"}],"author":[{"embeddable":true,"href":"https:\/\/www.cech.nowytarg.pl\/index.php\/wp-json\/wp\/v2\/users\/3"}],"replies":[{"embeddable":true,"href":"https:\/\/www.cech.nowytarg.pl\/index.php\/wp-json\/wp\/v2\/comments?post=5716"}],"version-history":[{"count":3,"href":"https:\/\/www.cech.nowytarg.pl\/index.php\/wp-json\/wp\/v2\/posts\/5716\/revisions"}],"predecessor-version":[{"id":5756,"href":"https:\/\/www.cech.nowytarg.pl\/index.php\/wp-json\/wp\/v2\/posts\/5716\/revisions\/5756"}],"wp:featuredmedia":[{"embeddable":true,"href":"https:\/\/www.cech.nowytarg.pl\/index.php\/wp-json\/wp\/v2\/media\/5720"}],"wp:attachment":[{"href":"https:\/\/www.cech.nowytarg.pl\/index.php\/wp-json\/wp\/v2\/media?parent=5716"}],"wp:term":[{"taxonomy":"category","embeddable":true,"href":"https:\/\/www.cech.nowytarg.pl\/index.php\/wp-json\/wp\/v2\/categories?post=5716"},{"taxonomy":"post_tag","embeddable":true,"href":"https:\/\/www.cech.nowytarg.pl\/index.php\/wp-json\/wp\/v2\/tags?post=5716"}],"curies":[{"name":"wp","href":"https:\/\/api.w.org\/{rel}","templated":true}]}}