{"id":5724,"date":"2024-11-21T13:58:05","date_gmt":"2024-11-21T12:58:05","guid":{"rendered":"https:\/\/www.cech.nowytarg.pl\/?p=5724"},"modified":"2024-12-12T12:45:12","modified_gmt":"2024-12-12T11:45:12","slug":"powiatowa-licealiada-w-unihokeju-chlopcow","status":"publish","type":"post","link":"https:\/\/www.cech.nowytarg.pl\/index.php\/2024\/11\/21\/powiatowa-licealiada-w-unihokeju-chlopcow\/","title":{"rendered":"Powiatowa Licealiada w Unihokeju Ch\u0142opc\u00f3w"},"content":{"rendered":"\n<p>W dniu 18 listopada br. reprezentacja szko\u0142y wzi\u0119\u0142a udzia\u0142 w Licealiadzie powiatu nowotarskiego w unihokeju ch\u0142opc\u00f3w. Dru\u017cyna w sk\u0142adzie: Jakub Bryja, Jakub Budzyk, Patry Budzyk, Kacper Czerwi\u0144ski, Kacper Fry\u017alewicz, Dawid Mirga, Orest Mr\u00f3z, Oskar Rataj, zaj\u0119\u0142a IV miejsce.<\/p>\n\n\n\n<p>Opiekun Janusz Denenfeld<\/p>\n\n\n\n<figure class=\"wp-block-gallery has-nested-images columns-default is-cropped wp-block-gallery-1 is-layout-flex wp-block-gallery-is-layout-flex\">\n<figure class=\"wp-block-image size-large\"><a href=\"https:\/\/www.cech.nowytarg.pl\/wp-content\/uploads\/2024\/12\/img-20241202-wa0007.jpg\"><img decoding=\"async\" loading=\"lazy\" width=\"576\" height=\"1024\" data-id=\"5727\" src=\"https:\/\/www.cech.nowytarg.pl\/wp-content\/uploads\/2024\/12\/img-20241202-wa0007-576x1024.jpg\" alt=\"\" class=\"wp-image-5727\" srcset=\"https:\/\/www.cech.nowytarg.pl\/wp-content\/uploads\/2024\/12\/img-20241202-wa0007-576x1024.jpg 576w, https:\/\/www.cech.nowytarg.pl\/wp-content\/uploads\/2024\/12\/img-20241202-wa0007-169x300.jpg 169w, https:\/\/www.cech.nowytarg.pl\/wp-content\/uploads\/2024\/12\/img-20241202-wa0007-768x1365.jpg 768w, https:\/\/www.cech.nowytarg.pl\/wp-content\/uploads\/2024\/12\/img-20241202-wa0007-864x1536.jpg 864w, https:\/\/www.cech.nowytarg.pl\/wp-content\/uploads\/2024\/12\/img-20241202-wa0007.jpg 900w\" sizes=\"(max-width: 576px) 100vw, 576px\" \/><\/a><\/figure>\n\n\n\n<figure class=\"wp-block-image size-large\"><a href=\"https:\/\/www.cech.nowytarg.pl\/wp-content\/uploads\/2024\/12\/img-20241202-wa0006.jpg\"><img decoding=\"async\" loading=\"lazy\" width=\"576\" height=\"1024\" data-id=\"5726\" src=\"https:\/\/www.cech.nowytarg.pl\/wp-content\/uploads\/2024\/12\/img-20241202-wa0006-576x1024.jpg\" alt=\"\" class=\"wp-image-5726\" srcset=\"https:\/\/www.cech.nowytarg.pl\/wp-content\/uploads\/2024\/12\/img-20241202-wa0006-576x1024.jpg 576w, https:\/\/www.cech.nowytarg.pl\/wp-content\/uploads\/2024\/12\/img-20241202-wa0006-169x300.jpg 169w, https:\/\/www.cech.nowytarg.pl\/wp-content\/uploads\/2024\/12\/img-20241202-wa0006-768x1365.jpg 768w, https:\/\/www.cech.nowytarg.pl\/wp-content\/uploads\/2024\/12\/img-20241202-wa0006-864x1536.jpg 864w, https:\/\/www.cech.nowytarg.pl\/wp-content\/uploads\/2024\/12\/img-20241202-wa0006.jpg 900w\" sizes=\"(max-width: 576px) 100vw, 576px\" \/><\/a><\/figure>\n\n\n\n<figure class=\"wp-block-image size-large\"><a href=\"https:\/\/www.cech.nowytarg.pl\/wp-content\/uploads\/2024\/12\/img-20241202-wa0008.jpg\"><img decoding=\"async\" loading=\"lazy\" width=\"576\" height=\"1024\" data-id=\"5728\" src=\"https:\/\/www.cech.nowytarg.pl\/wp-content\/uploads\/2024\/12\/img-20241202-wa0008-576x1024.jpg\" alt=\"\" class=\"wp-image-5728\" srcset=\"https:\/\/www.cech.nowytarg.pl\/wp-content\/uploads\/2024\/12\/img-20241202-wa0008-576x1024.jpg 576w, https:\/\/www.cech.nowytarg.pl\/wp-content\/uploads\/2024\/12\/img-20241202-wa0008-169x300.jpg 169w, https:\/\/www.cech.nowytarg.pl\/wp-content\/uploads\/2024\/12\/img-20241202-wa0008-768x1365.jpg 768w, https:\/\/www.cech.nowytarg.pl\/wp-content\/uploads\/2024\/12\/img-20241202-wa0008-864x1536.jpg 864w, https:\/\/www.cech.nowytarg.pl\/wp-content\/uploads\/2024\/12\/img-20241202-wa0008.jpg 900w\" sizes=\"(max-width: 576px) 100vw, 576px\" \/><\/a><\/figure>\n<\/figure>\n","protected":false},"excerpt":{"rendered":"<p>W dniu 18 listopada br. reprezentacja szko\u0142y wzi\u0119\u0142a udzia\u0142 w Licealiadzie powiatu nowotarskiego w unihokeju ch\u0142opc\u00f3w. Dru\u017cyna w sk\u0142adzie: Jakub Bryja, Jakub Budzyk, Patry Budzyk, Kacper Czerwi\u0144ski, Kacper Fry\u017alewicz, Dawid Mirga, Orest Mr\u00f3z, Oskar Rataj, zaj\u0119\u0142a IV miejsce. Opiekun Janusz Denenfeld<\/p>\n","protected":false},"author":3,"featured_media":5729,"comment_status":"closed","ping_status":"closed","sticky":false,"template":"","format":"standard","meta":{"footnotes":""},"categories":[8],"tags":[],"featured_image":"https:\/\/www.cech.nowytarg.pl\/wp-content\/uploads\/2024\/12\/img-20241202-wa0007aaaa.jpg","_links":{"self":[{"href":"https:\/\/www.cech.nowytarg.pl\/index.php\/wp-json\/wp\/v2\/posts\/5724"}],"collection":[{"href":"https:\/\/www.cech.nowytarg.pl\/index.php\/wp-json\/wp\/v2\/posts"}],"about":[{"href":"https:\/\/www.cech.nowytarg.pl\/index.php\/wp-json\/wp\/v2\/types\/post"}],"author":[{"embeddable":true,"href":"https:\/\/www.cech.nowytarg.pl\/index.php\/wp-json\/wp\/v2\/users\/3"}],"replies":[{"embeddable":true,"href":"https:\/\/www.cech.nowytarg.pl\/index.php\/wp-json\/wp\/v2\/comments?post=5724"}],"version-history":[{"count":2,"href":"https:\/\/www.cech.nowytarg.pl\/index.php\/wp-json\/wp\/v2\/posts\/5724\/revisions"}],"predecessor-version":[{"id":5757,"href":"https:\/\/www.cech.nowytarg.pl\/index.php\/wp-json\/wp\/v2\/posts\/5724\/revisions\/5757"}],"wp:featuredmedia":[{"embeddable":true,"href":"https:\/\/www.cech.nowytarg.pl\/index.php\/wp-json\/wp\/v2\/media\/5729"}],"wp:attachment":[{"href":"https:\/\/www.cech.nowytarg.pl\/index.php\/wp-json\/wp\/v2\/media?parent=5724"}],"wp:term":[{"taxonomy":"category","embeddable":true,"href":"https:\/\/www.cech.nowytarg.pl\/index.php\/wp-json\/wp\/v2\/categories?post=5724"},{"taxonomy":"post_tag","embeddable":true,"href":"https:\/\/www.cech.nowytarg.pl\/index.php\/wp-json\/wp\/v2\/tags?post=5724"}],"curies":[{"name":"wp","href":"https:\/\/api.w.org\/{rel}","templated":true}]}}