{"id":5752,"date":"2024-11-18T10:02:28","date_gmt":"2024-11-18T09:02:28","guid":{"rendered":"https:\/\/www.cech.nowytarg.pl\/?p=5752"},"modified":"2024-12-12T10:10:45","modified_gmt":"2024-12-12T09:10:45","slug":"11-listopada-swieto-odzyskania-niepodleglosci","status":"publish","type":"post","link":"https:\/\/www.cech.nowytarg.pl\/index.php\/2024\/11\/18\/11-listopada-swieto-odzyskania-niepodleglosci\/","title":{"rendered":"11 listopada &#8211; \u015awi\u0119to Odzyskania Niepodleg\u0142o\u015bci"},"content":{"rendered":"\n<p>Rocznica Odzyskania Niepodleg\u0142o\u015bci przez Polsk\u0119, kojarzy nam si\u0119 nieod\u0142\u0105cznie z osob\u0105 Marsza\u0142ka J\u00f3zefa Pi\u0142sudskiego, kt\u00f3ry wielokrotnie powtarza\u0142, \u017ce wolna Polska by\u0142a trudem ca\u0142ych pokole\u0144 przez 123 lata zabor\u00f3w i okupiona niewyobra\u017caln\u0105 danin\u0105 przelanej krwi i cierpie\u0144. Doskonale wiedzia\u0142, ilu ludzi odda\u0142o \u017cycie, walcz\u0105c w kolejnych powstaniach \u2013 poczynaj\u0105c od powstania ko\u015bciuszkowskiego poprzez powstanie listopadowe, powstanie styczniowe \u2013 poprzez walk\u0119 w I wojnie \u015bwiatowej na r\u00f3\u017cnych frontach po to, by t\u0119 woln\u0105, suwerenn\u0105, niepodleg\u0142\u0105 Polsk\u0119 przywr\u00f3ci\u0107, by j\u0105 wywalczy\u0107, by j\u0105 odzyska\u0107. Dlatego obecnie nale\u017cy pami\u0119ta\u0107 o ich po\u015bwi\u0119ceniu i upami\u0119tnia\u0107 kolejne rocznice Odzyskania Niepodleg\u0142o\u015bci przez Polsk\u0119. W bie\u017c\u0105cym roku szkolnym uczniowie naszej szko\u0142y wzi\u0119li udzia\u0142 w Szkolnym Konkursie \u201eMoja miejscowo\u015b\u0107 upami\u0119tnia rocznic\u0119 11 Listopada\u201d, gdzie mogli opisa\u0107 lub w formie plastycznej przedstawi\u0107 wydarzenia z tym zwi\u0105zane. Konkurs wygra\u0142a uczennica klasy 1A Agnieszka Magiera.<\/p>\n\n\n\n<p><\/p>\n","protected":false},"excerpt":{"rendered":"<p>Rocznica Odzyskania Niepodleg\u0142o\u015bci przez Polsk\u0119, kojarzy nam si\u0119 nieod\u0142\u0105cznie z osob\u0105 Marsza\u0142ka J\u00f3zefa Pi\u0142sudskiego, kt\u00f3ry wielokrotnie powtarza\u0142, \u017ce wolna Polska by\u0142a trudem ca\u0142ych pokole\u0144 przez 123 lata zabor\u00f3w i okupiona niewyobra\u017caln\u0105 danin\u0105 przelanej krwi i cierpie\u0144. Doskonale wiedzia\u0142, ilu ludzi odda\u0142o \u017cycie, walcz\u0105c w kolejnych powstaniach \u2013 poczynaj\u0105c od powstania ko\u015bciuszkowskiego poprzez powstanie listopadowe, powstanie [&hellip;]<\/p>\n","protected":false},"author":3,"featured_media":5753,"comment_status":"closed","ping_status":"closed","sticky":false,"template":"","format":"standard","meta":{"footnotes":""},"categories":[8],"tags":[],"featured_image":"https:\/\/www.cech.nowytarg.pl\/wp-content\/uploads\/2024\/12\/polish-flag-3475781_1280.jpg","_links":{"self":[{"href":"https:\/\/www.cech.nowytarg.pl\/index.php\/wp-json\/wp\/v2\/posts\/5752"}],"collection":[{"href":"https:\/\/www.cech.nowytarg.pl\/index.php\/wp-json\/wp\/v2\/posts"}],"about":[{"href":"https:\/\/www.cech.nowytarg.pl\/index.php\/wp-json\/wp\/v2\/types\/post"}],"author":[{"embeddable":true,"href":"https:\/\/www.cech.nowytarg.pl\/index.php\/wp-json\/wp\/v2\/users\/3"}],"replies":[{"embeddable":true,"href":"https:\/\/www.cech.nowytarg.pl\/index.php\/wp-json\/wp\/v2\/comments?post=5752"}],"version-history":[{"count":1,"href":"https:\/\/www.cech.nowytarg.pl\/index.php\/wp-json\/wp\/v2\/posts\/5752\/revisions"}],"predecessor-version":[{"id":5754,"href":"https:\/\/www.cech.nowytarg.pl\/index.php\/wp-json\/wp\/v2\/posts\/5752\/revisions\/5754"}],"wp:featuredmedia":[{"embeddable":true,"href":"https:\/\/www.cech.nowytarg.pl\/index.php\/wp-json\/wp\/v2\/media\/5753"}],"wp:attachment":[{"href":"https:\/\/www.cech.nowytarg.pl\/index.php\/wp-json\/wp\/v2\/media?parent=5752"}],"wp:term":[{"taxonomy":"category","embeddable":true,"href":"https:\/\/www.cech.nowytarg.pl\/index.php\/wp-json\/wp\/v2\/categories?post=5752"},{"taxonomy":"post_tag","embeddable":true,"href":"https:\/\/www.cech.nowytarg.pl\/index.php\/wp-json\/wp\/v2\/tags?post=5752"}],"curies":[{"name":"wp","href":"https:\/\/api.w.org\/{rel}","templated":true}]}}