{"id":5787,"date":"2024-10-14T13:00:33","date_gmt":"2024-10-14T11:00:33","guid":{"rendered":"https:\/\/www.cech.nowytarg.pl\/?p=5787"},"modified":"2025-02-05T13:28:09","modified_gmt":"2025-02-05T12:28:09","slug":"sprawozdanie-z-wyborow-do-samorzadu-uczniowskiego-na-rok-szkolny-2024-2025","status":"publish","type":"post","link":"https:\/\/www.cech.nowytarg.pl\/index.php\/2024\/10\/14\/sprawozdanie-z-wyborow-do-samorzadu-uczniowskiego-na-rok-szkolny-2024-2025\/","title":{"rendered":"Sprawozdanie z wybor\u00f3w do Samorz\u0105du Uczniowskiego na rok szkolny 2024\/2025"},"content":{"rendered":"\n<p>Corocznie wybieramy w naszej szkole przedstawicieli do Samorz\u0105du Uczniowskiego. Jest to nie tylko okazja do zastanowienia si\u0119 nad wa\u017cnymi dla szko\u0142y sprawami ale przede wszystkim nauka demokracji.<\/p>\n\n\n\n<p>Praca w Samorz\u0105dzie Uczniowskim daje mo\u017cliwo\u015b\u0107 podejmowania oddolnych dzia\u0142a\u0144, uczy jak by\u0107 aktywnym w planowaniu i realizacji swoich plan\u00f3w. Umo\u017cliwia r\u00f3wnie\u017c nauk\u0119 pracy w zespole, wsp\u00f3\u0142pracy i porozumiewania si\u0119. Uczy podejmowaniu decyzji, stwarza mo\u017cliwo\u015b\u0107 uczestnictwa i decydowania o wa\u017cnych dla spo\u0142eczno\u015bci uczniowskiej sprawach, uczy odpowiedzialno\u015bci za siebie, uczni\u00f3w i szko\u0142\u0119.<\/p>\n\n\n\n<p>W dniu 8.10.2025 w naszej szkole odby\u0142y si\u0119 wybory do Samorz\u0105du Uczniowskiego. Wybory poprzedzone by\u0142y kampani\u0105 wyborcz\u0105. Klasy wybiera\u0142y tr\u00f3jki klasowe. Na zebraniu tr\u00f3jek klasowych wybrano reprezentacj\u0119 uczni\u00f3w w Samorz\u0105dzie Szkolnym.<\/p>\n\n\n\n<p>Wyniki wybor\u00f3w:<\/p>\n\n\n\n<p>Przewodnicz\u0105ca &#8211; Marcelina Ficka &#8211; kl. 3A<\/p>\n\n\n\n<p>Zast\u0119pca: Karolina Migiel &#8211; kl. 3A<\/p>\n\n\n\n<p>Skarbnik: Oskar Mr\u00f3wka &#8211; kl. 2A<\/p>\n\n\n\n<figure class=\"wp-block-gallery has-nested-images columns-default is-cropped wp-block-gallery-1 is-layout-flex wp-block-gallery-is-layout-flex\">\n<figure class=\"wp-block-image size-large\"><img decoding=\"async\" loading=\"lazy\" width=\"331\" height=\"481\" data-id=\"5789\" src=\"https:\/\/www.cech.nowytarg.pl\/wp-content\/uploads\/2025\/02\/Marcelina-1.jpg\" alt=\"\" class=\"wp-image-5789\" srcset=\"https:\/\/www.cech.nowytarg.pl\/wp-content\/uploads\/2025\/02\/Marcelina-1.jpg 331w, https:\/\/www.cech.nowytarg.pl\/wp-content\/uploads\/2025\/02\/Marcelina-1-206x300.jpg 206w\" sizes=\"(max-width: 331px) 100vw, 331px\" \/><figcaption class=\"wp-element-caption\">Marcelina<\/figcaption><\/figure>\n\n\n\n<figure class=\"wp-block-image size-large\"><img decoding=\"async\" loading=\"lazy\" width=\"294\" height=\"401\" data-id=\"5790\" src=\"https:\/\/www.cech.nowytarg.pl\/wp-content\/uploads\/2025\/02\/Karolina.jpg\" alt=\"\" class=\"wp-image-5790\" srcset=\"https:\/\/www.cech.nowytarg.pl\/wp-content\/uploads\/2025\/02\/Karolina.jpg 294w, https:\/\/www.cech.nowytarg.pl\/wp-content\/uploads\/2025\/02\/Karolina-220x300.jpg 220w\" sizes=\"(max-width: 294px) 100vw, 294px\" \/><figcaption class=\"wp-element-caption\">Karolina<\/figcaption><\/figure>\n\n\n\n<figure class=\"wp-block-image size-large\"><img decoding=\"async\" loading=\"lazy\" width=\"314\" height=\"489\" data-id=\"5791\" src=\"https:\/\/www.cech.nowytarg.pl\/wp-content\/uploads\/2025\/02\/Oskar.jpg\" alt=\"\" class=\"wp-image-5791\" srcset=\"https:\/\/www.cech.nowytarg.pl\/wp-content\/uploads\/2025\/02\/Oskar.jpg 314w, https:\/\/www.cech.nowytarg.pl\/wp-content\/uploads\/2025\/02\/Oskar-193x300.jpg 193w\" sizes=\"(max-width: 314px) 100vw, 314px\" \/><figcaption class=\"wp-element-caption\">Oskar<\/figcaption><\/figure>\n<\/figure>\n","protected":false},"excerpt":{"rendered":"<p>Corocznie wybieramy w naszej szkole przedstawicieli do Samorz\u0105du Uczniowskiego. Jest to nie tylko okazja do zastanowienia si\u0119 nad wa\u017cnymi dla szko\u0142y sprawami ale przede wszystkim nauka demokracji. Praca w Samorz\u0105dzie Uczniowskim daje mo\u017cliwo\u015b\u0107 podejmowania oddolnych dzia\u0142a\u0144, uczy jak by\u0107 aktywnym w planowaniu i realizacji swoich plan\u00f3w. Umo\u017cliwia r\u00f3wnie\u017c nauk\u0119 pracy w zespole, wsp\u00f3\u0142pracy i porozumiewania [&hellip;]<\/p>\n","protected":false},"author":3,"featured_media":5792,"comment_status":"closed","ping_status":"closed","sticky":false,"template":"","format":"standard","meta":{"footnotes":""},"categories":[8],"tags":[],"featured_image":"https:\/\/www.cech.nowytarg.pl\/wp-content\/uploads\/2025\/02\/people-2557399_1280.jpg","_links":{"self":[{"href":"https:\/\/www.cech.nowytarg.pl\/index.php\/wp-json\/wp\/v2\/posts\/5787"}],"collection":[{"href":"https:\/\/www.cech.nowytarg.pl\/index.php\/wp-json\/wp\/v2\/posts"}],"about":[{"href":"https:\/\/www.cech.nowytarg.pl\/index.php\/wp-json\/wp\/v2\/types\/post"}],"author":[{"embeddable":true,"href":"https:\/\/www.cech.nowytarg.pl\/index.php\/wp-json\/wp\/v2\/users\/3"}],"replies":[{"embeddable":true,"href":"https:\/\/www.cech.nowytarg.pl\/index.php\/wp-json\/wp\/v2\/comments?post=5787"}],"version-history":[{"count":1,"href":"https:\/\/www.cech.nowytarg.pl\/index.php\/wp-json\/wp\/v2\/posts\/5787\/revisions"}],"predecessor-version":[{"id":5793,"href":"https:\/\/www.cech.nowytarg.pl\/index.php\/wp-json\/wp\/v2\/posts\/5787\/revisions\/5793"}],"wp:featuredmedia":[{"embeddable":true,"href":"https:\/\/www.cech.nowytarg.pl\/index.php\/wp-json\/wp\/v2\/media\/5792"}],"wp:attachment":[{"href":"https:\/\/www.cech.nowytarg.pl\/index.php\/wp-json\/wp\/v2\/media?parent=5787"}],"wp:term":[{"taxonomy":"category","embeddable":true,"href":"https:\/\/www.cech.nowytarg.pl\/index.php\/wp-json\/wp\/v2\/categories?post=5787"},{"taxonomy":"post_tag","embeddable":true,"href":"https:\/\/www.cech.nowytarg.pl\/index.php\/wp-json\/wp\/v2\/tags?post=5787"}],"curies":[{"name":"wp","href":"https:\/\/api.w.org\/{rel}","templated":true}]}}