{"id":5887,"date":"2025-05-20T12:05:35","date_gmt":"2025-05-20T10:05:35","guid":{"rendered":"https:\/\/www.cech.nowytarg.pl\/?p=5887"},"modified":"2025-05-20T12:05:35","modified_gmt":"2025-05-20T10:05:35","slug":"terminy-klasyfikacji-rocznej-w-roku-szkolnym-2024-2025","status":"publish","type":"post","link":"https:\/\/www.cech.nowytarg.pl\/index.php\/2025\/05\/20\/terminy-klasyfikacji-rocznej-w-roku-szkolnym-2024-2025\/","title":{"rendered":"Terminy klasyfikacji rocznej w roku szkolnym 2024\/2025"},"content":{"rendered":"\n\n\n\n\t\n\t<title><\/title>\n\t\n\t\n\t\n\t\n\t\t\n\t\n\n<p align=\"center\" style=\"line-height: 100%;margin-bottom: 0cm\">\n<font face=\"Times New Roman, serif\"><font size=\"4\" style=\"font-size: 15pt\"><b>Terminy\nklasyfikacji rocznej w roku szkolnym 2024\/2025<\/b><\/font><\/font><\/p>\n<p align=\"center\" style=\"line-height: 100%;margin-bottom: 0cm\"><br \/>\n\n<\/p>\n<p align=\"center\" style=\"line-height: 100%;margin-bottom: 0cm\"><font face=\"Times New Roman, serif\"><font size=\"4\" style=\"font-size: 15pt\"><b>Zawodowa\nSzko\u0142a Bran\u017cowa I stopnia <\/b><\/font><\/font>\n<\/p>\n<p align=\"center\" style=\"line-height: 100%;margin-bottom: 0cm\"><font face=\"Times New Roman, serif\"><font size=\"4\" style=\"font-size: 15pt\"><b>Cechu\nRzemios\u0142 R\u00f3\u017cnych w Nowym Targu<\/b><\/font><\/font><\/p>\n<p align=\"center\" style=\"line-height: 100%;margin-bottom: 0cm\"><br \/>\n\n<\/p>\n<p align=\"center\" style=\"line-height: 100%;margin-bottom: 0cm\"><br \/>\n\n<\/p>\n<p align=\"center\" style=\"line-height: 100%;margin-bottom: 0cm\"><br \/>\n\n<\/p>\n<p align=\"left\" style=\"line-height: 100%;margin-bottom: 0cm\"><br \/>\n\n<\/p>\n<table width=\"657\" cellpadding=\"5\" cellspacing=\"0\">\n\t<col width=\"381\" \/>\n\n\t<col width=\"254\" \/>\n\n\t<tr valign=\"top\">\n\t\t<td width=\"381\" style=\"background: transparent;border: 1px solid #000000;padding: 0cm 0.12cm\"><p style=\"margin-bottom: 0cm\">\n\t\t\t<br \/>\n\n\t\t\t<\/p>\n\t\t\t<p style=\"margin-bottom: 0cm\"><font face=\"Times New Roman, serif\"><font size=\"4\" style=\"font-size: 14pt\">Wystawienie\n\t\t\tprzewidywanych rocznych ocen klasyfikacyjnych dla wszystkich klas<\/font><\/font><\/p>\n\t\t\t<p><br \/>\n\n\t\t\t<\/p>\n\t\t<\/td>\n\t\t<td width=\"254\" style=\"background: transparent;border: 1px solid #000000;padding: 0cm 0.12cm\"><p style=\"margin-bottom: 0cm\">\n\t\t\t<br \/>\n\n\t\t\t<\/p>\n\t\t\t<p><font face=\"Times New Roman, serif\"><font size=\"4\" style=\"font-size: 14pt\">16\n\t\t\tczerwca 2025 r. (poniedzia\u0142ek)<\/font><\/font><\/p>\n\t\t<\/td>\n\t<\/tr>\n\t<tr><\/tr>\n\t<tr><\/tr>\n\t<tr><\/tr>\n\t<tr><\/tr>\n\t<tr><\/tr>\n\t<tr><\/tr>\n\t<tr><\/tr>\n\t<tr><\/tr>\n\t<tr><\/tr>\n\t<tr valign=\"top\">\n\t\t<td width=\"381\" style=\"background: transparent;border: 1px solid #000000;padding: 0cm 0.12cm\"><p style=\"margin-bottom: 0cm\">\n\t\t\t<br \/>\n\n\t\t\t<\/p>\n\t\t\t<p style=\"margin-bottom: 0cm\"><font face=\"Times New Roman, serif\"><font size=\"4\" style=\"font-size: 14pt\">Powiadomienie\n\t\t\trodzic\u00f3w o przewidywanych rocznych ocenach klasyfikacyjnych <br \/>\nwe\n\t\t\twszystkich klasach &ndash; wywiad\u00f3wki<\/font><\/font><\/p>\n\t\t\t<p><br \/>\n\n\t\t\t<\/p>\n\t\t<\/td>\n\t\t<td width=\"254\" style=\"background: transparent;border: 1px solid #000000;padding: 0cm 0.12cm\"><p style=\"margin-bottom: 0cm\">\n\t\t\t<br \/>\n\n\t\t\t<\/p>\n\t\t\t<p><font face=\"Times New Roman, serif\"><font size=\"4\" style=\"font-size: 14pt\">17\n\t\t\tczerwca 2025 r. (wtorek) godz. 17.00<\/font><\/font><\/p>\n\t\t<\/td>\n\t<\/tr>\n\t<tr><\/tr>\n\t<tr><\/tr>\n\t<tr><\/tr>\n\t<tr><\/tr>\n\t<tr><\/tr>\n\t<tr><\/tr>\n\t<tr><\/tr>\n\t<tr><\/tr>\n\t<tr><\/tr>\n\t<tr valign=\"top\">\n\t\t<td width=\"381\" style=\"background: transparent;border: 1px solid #000000;padding: 0cm 0.12cm\"><p style=\"margin-bottom: 0cm\">\n\t\t\t<br \/>\n\n\t\t\t<\/p>\n\t\t\t<p style=\"margin-bottom: 0cm\"><font face=\"Times New Roman, serif\"><font size=\"4\" style=\"font-size: 14pt\">Wnoszenie\n\t\t\to uzyskanie wy\u017cszej ni\u017c przewidywana rocznej klasyfikacyjnej oceny\n\t\t\tz zaj\u0119\u0107 edukacyjnych i oceny klasyfikacyjnej zachowania <br \/>\nwe\n\t\t\twszystkich klasach<\/font><\/font><\/p>\n\t\t\t<p><br \/>\n\n\t\t\t<\/p>\n\t\t<\/td>\n\t\t<td width=\"254\" style=\"background: transparent;border: 1px solid #000000;padding: 0cm 0.12cm\"><p style=\"margin-bottom: 0cm\">\n\t\t\t<br \/>\n\n\t\t\t<\/p>\n\t\t\t<p><font face=\"Times New Roman, serif\"><font size=\"4\" style=\"font-size: 14pt\">18\n\t\t\t&ndash; 19 czerwca 2025 r.<\/font><\/font><\/p>\n\t\t<\/td>\n\t<\/tr>\n\t<tr><\/tr>\n\t<tr><\/tr>\n\t<tr><\/tr>\n\t<tr><\/tr>\n\t<tr><\/tr>\n\t<tr><\/tr>\n\t<tr><\/tr>\n\t<tr><\/tr>\n\t<tr><\/tr>\n\t<tr valign=\"top\">\n\t\t<td width=\"381\" style=\"background: transparent;border: 1px solid #000000;padding: 0cm 0.12cm\"><p style=\"margin-bottom: 0cm\">\n\t\t\t<br \/>\n\n\t\t\t<\/p>\n\t\t\t<p style=\"margin-bottom: 0cm\"><font face=\"Times New Roman, serif\"><font size=\"4\" style=\"font-size: 14pt\">Egzaminy\n\t\t\tdla uczni\u00f3w wnosz\u0105cych o uzyskanie wy\u017cszej ni\u017c przewidywana roczna\n\t\t\toceny klasyfikacyjnej we wszystkich klasach<\/font><\/font><\/p>\n\t\t\t<p><br \/>\n\n\t\t\t<\/p>\n\t\t<\/td>\n\t\t<td width=\"254\" style=\"background: transparent;border: 1px solid #000000;padding: 0cm 0.12cm\"><p style=\"margin-bottom: 0cm\">\n\t\t\t<br \/>\n\n\t\t\t<\/p>\n\t\t\t<p><font face=\"Times New Roman, serif\"><font size=\"4\" style=\"font-size: 14pt\">20\n\t\t\tczerwca 2025 r. (pi\u0105tek)<\/font><\/font><\/p>\n\t\t<\/td>\n\t<\/tr>\n\t<tr><\/tr>\n\t<tr><\/tr>\n\t<tr><\/tr>\n\t<tr><\/tr>\n\t<tr><\/tr>\n\t<tr><\/tr>\n\t<tr><\/tr>\n\t<tr><\/tr>\n\t<tr><\/tr>\n\t<tr valign=\"top\">\n\t\t<td width=\"381\" style=\"background: transparent;border: 1px solid #000000;padding: 0cm 0.12cm\"><p style=\"margin-bottom: 0cm\">\n\t\t\t<br \/>\n\n\t\t\t<\/p>\n\t\t\t<p><font face=\"Times New Roman, serif\"><font size=\"4\" style=\"font-size: 14pt\">Posiedzenie\n\t\t\tZespo\u0142u Wychowawc\u00f3w Klasowych<\/font><\/font><\/p>\n\t\t<\/td>\n\t\t<td width=\"254\" style=\"background: transparent;border: 1px solid #000000;padding: 0cm 0.12cm\"><p style=\"margin-bottom: 0cm\">\n\t\t\t<br \/>\n\n\t\t\t<\/p>\n\t\t\t<p style=\"margin-bottom: 0cm\"><font face=\"Times New Roman, serif\"><font size=\"4\" style=\"font-size: 14pt\">23\n\t\t\tczerwca 2025 r. (poniedzia\u0142ek)<\/font><\/font><\/p>\n\t\t\t<p><br \/>\n\n\t\t\t<\/p>\n\t\t<\/td>\n\t<\/tr>\n\t<tr><\/tr>\n\t<tr><\/tr>\n\t<tr><\/tr>\n\t<tr><\/tr>\n\t<tr><\/tr>\n\t<tr><\/tr>\n\t<tr><\/tr>\n\t<tr><\/tr>\n\t<tr><\/tr>\n\t<tr valign=\"top\">\n\t\t<td width=\"381\" style=\"background: transparent;border: 1px solid #000000;padding: 0cm 0.12cm\"><p style=\"margin-bottom: 0cm\">\n\t\t\t<br \/>\n\n\t\t\t<\/p>\n\t\t\t<p style=\"margin-bottom: 0cm\"><font face=\"Times New Roman, serif\"><font size=\"4\" style=\"font-size: 14pt\">Roczna\n\t\t\tklasyfikacyjna Rada Pedagogiczna <br \/>\ndla wszystkich klas<\/font><\/font><\/p>\n\t\t\t<p><br \/>\n\n\t\t\t<\/p>\n\t\t<\/td>\n\t\t<td width=\"254\" style=\"background: transparent;border: 1px solid #000000;padding: 0cm 0.12cm\"><p style=\"margin-bottom: 0cm\">\n\t\t\t<br \/>\n\n\t\t\t<\/p>\n\t\t\t<p><font face=\"Times New Roman, serif\"><font size=\"4\" style=\"font-size: 14pt\">23\n\t\t\tczerwca 2025 r. (poniedzia\u0142ek)<\/font><\/font><\/p>\n\t\t<\/td>\n\t<\/tr>\n\t<tr><\/tr>\n\t<tr><\/tr>\n\t<tr><\/tr>\n\t<tr><\/tr>\n\t<tr><\/tr>\n\t<tr><\/tr>\n\t<tr><\/tr>\n\t<tr><\/tr>\n\t<tr><\/tr>\n\t<tr valign=\"top\">\n\t\t<td width=\"381\" style=\"background: transparent;border: 1px solid #000000;padding: 0cm 0.12cm\"><p style=\"margin-bottom: 0cm\">\n\t\t\t<br \/>\n\n\t\t\t<\/p>\n\t\t\t<p style=\"margin-bottom: 0cm\"><font face=\"Times New Roman, serif\"><font size=\"4\" style=\"font-size: 14pt\">Rada\n\t\t\tPedagogiczna podsumowuj\u0105ca prac\u0119 szko\u0142y <br \/>\nw roku szkolnym\n\t\t\t2024\/2025<\/font><\/font><\/p>\n\t\t\t<p><br \/>\n\n\t\t\t<\/p>\n\t\t<\/td>\n\t\t<td width=\"254\" style=\"background: transparent;border: 1px solid #000000;padding: 0cm 0.12cm\"><p style=\"margin-bottom: 0cm\">\n\t\t\t<br \/>\n\n\t\t\t<\/p>\n\t\t\t<p><font face=\"Times New Roman, serif\"><font size=\"4\" style=\"font-size: 14pt\">sierpie\u0144\n\t\t\t2025 r. <\/font><\/font>\n\t\t\t<\/p>\n\t\t<\/td>\n\t<\/tr>\n\t<tr><\/tr>\n\t<tr><\/tr>\n\t<tr><\/tr>\n\t<tr><\/tr>\n\t<tr><\/tr>\n\t<tr><\/tr>\n\t<tr><\/tr>\n\t<tr><\/tr>\n\t<tr><\/tr>\n\t<tr valign=\"top\">\n\t\t<td width=\"381\" style=\"background: transparent;border: 1px solid #000000;padding: 0cm 0.12cm\"><p style=\"margin-bottom: 0cm\">\n\t\t\t<br \/>\n\n\t\t\t<\/p>\n\t\t\t<p style=\"margin-bottom: 0cm\"><br \/>\n\n\t\t\t<\/p>\n\t\t\t<p style=\"margin-bottom: 0cm\"><font face=\"Times New Roman, serif\"><font size=\"4\" style=\"font-size: 14pt\">Zako\u0144czenie\n\t\t\trocznych zaj\u0119\u0107 dydaktyczno &ndash; wychowawczych w roku szkolnym\n\t\t\t2024\/2025<\/font><\/font><\/p>\n\t\t\t<p><br \/>\n\n\t\t\t<\/p>\n\t\t<\/td>\n\t\t<td width=\"254\" style=\"background: transparent;border: 1px solid #000000;padding: 0cm 0.12cm\"><p style=\"margin-bottom: 0cm\">\n\t\t\t<br \/>\n\n\t\t\t<\/p>\n\t\t\t<p style=\"margin-bottom: 0cm\"><br \/>\n\n\t\t\t<\/p>\n\t\t\t<p><font face=\"Times New Roman, serif\"><font size=\"4\" style=\"font-size: 14pt\">27\n\t\t\tczerwca 2025 r. (pi\u0105tek)<\/font><\/font><\/p>\n\t\t<\/td>\n\t<\/tr>\n\t<tr><\/tr>\n\t<tr><\/tr>\n\t<tr><\/tr>\n\t<tr><\/tr>\n\t<tr><\/tr>\n\t<tr><\/tr>\n\t<tr><\/tr>\n\t<tr><\/tr>\n\t<tr><\/tr>\n\t<tr valign=\"top\">\n\t\t<td width=\"381\" style=\"background: transparent;border: 1px solid #000000;padding: 0cm 0.12cm\"><p style=\"margin-bottom: 0cm\">\n\t\t\t<br \/>\n\n\t\t\t<\/p>\n\t\t\t<p style=\"margin-bottom: 0cm\"><font face=\"Times New Roman, serif\"><font size=\"4\" style=\"font-size: 14pt\">Wakacje<\/font><\/font><\/p>\n\t\t\t<p><br \/>\n\n\t\t\t<\/p>\n\t\t<\/td>\n\t\t<td width=\"254\" style=\"background: transparent;border: 1px solid #000000;padding: 0cm 0.12cm\"><p style=\"margin-bottom: 0cm\">\n\t\t\t<br \/>\n\n\t\t\t<\/p>\n\t\t\t<p><font face=\"Times New Roman, serif\"><font size=\"4\" style=\"font-size: 14pt\">28\n\t\t\tczerwca &ndash; 31 sierpnia 2025 r.<\/font><\/font><\/p>\n\t\t<\/td>\n\t<\/tr>\n\t<tr><\/tr>\n\t<tr><\/tr>\n\t<tr><\/tr>\n\t<tr><\/tr>\n\t<tr><\/tr>\n\t<tr><\/tr>\n\t<tr><\/tr>\n\t<tr><\/tr>\n\t<tr><\/tr>\n\t<tr valign=\"top\">\n\t\t<td width=\"381\" style=\"background: transparent;border: 1px solid #000000;padding: 0cm 0.12cm\"><p style=\"margin-bottom: 0cm\">\n\t\t\t<br \/>\n\n\t\t\t<\/p>\n\t\t\t<p style=\"margin-bottom: 0cm\"><font face=\"Times New Roman, serif\"><font size=\"4\" style=\"font-size: 14pt\">Wnoszenie\n\t\t\tzastrze\u017ce\u0144 co do trybu ustalenia ocen rocznych, w tym oceny\n\t\t\tzachowania we wszystkich klasach<\/font><\/font><\/p>\n\t\t\t<p><br \/>\n\n\t\t\t<\/p>\n\t\t<\/td>\n\t\t<td width=\"254\" style=\"background: transparent;border: 1px solid #000000;padding: 0cm 0.12cm\"><p style=\"margin-bottom: 0cm\">\n\t\t\t<br \/>\n\n\t\t\t<\/p>\n\t\t\t<p><font face=\"Times New Roman, serif\"><font size=\"4\" style=\"font-size: 14pt\">do\n\t\t\t4 lipca 2025 r. (pi\u0105tek)<\/font><\/font><\/p>\n\t\t<\/td>\n\t<\/tr>\n\t<tr><\/tr>\n\t<tr><\/tr>\n\t<tr><\/tr>\n\t<tr><\/tr>\n\t<tr><\/tr>\n\t<tr><\/tr>\n\t<tr><\/tr>\n\t<tr><\/tr>\n\t<tr><\/tr>\n\t<tr valign=\"top\">\n\t\t<td width=\"381\" style=\"background: transparent;border: 1px solid #000000;padding: 0cm 0.12cm\"><p style=\"margin-bottom: 0cm\">\n\t\t\t<br \/>\n\n\t\t\t<\/p>\n\t\t\t<p style=\"margin-bottom: 0cm\"><font face=\"Times New Roman, serif\"><font size=\"4\" style=\"font-size: 14pt\">Przeprowadzenie\n\t\t\tsprawdzianu wiadomo\u015bci i&nbsp;umiej\u0119tno\u015bci uczni\u00f3w wszystkich klas\n\t\t\twnosz\u0105cych zastrze\u017cenia co do trybu ustalenia ocen rocznych, w tym\n\t\t\toceny zachowania<\/font><\/font><\/p>\n\t\t\t<p><br \/>\n\n\t\t\t<\/p>\n\t\t<\/td>\n\t\t<td width=\"254\" style=\"background: transparent;border: 1px solid #000000;padding: 0cm 0.12cm\"><p style=\"margin-bottom: 0cm\">\n\t\t\t<br \/>\n\n\t\t\t<\/p>\n\t\t\t<p><font face=\"Times New Roman, serif\"><font size=\"4\" style=\"font-size: 14pt\">8\n\t\t\tlipca 2025 r. (wtorek)<\/font><\/font><\/p>\n\t\t<\/td>\n\t<\/tr>\n\t<tr><\/tr>\n\t<tr><\/tr>\n\t<tr><\/tr>\n\t<tr><\/tr>\n\t<tr><\/tr>\n\t<tr><\/tr>\n\t<tr><\/tr>\n\t<tr><\/tr>\n\t<tr><\/tr>\n\t<tr valign=\"top\">\n\t\t<td width=\"381\" style=\"background: transparent;border: 1px solid #000000;padding: 0cm 0.12cm\"><p style=\"margin-bottom: 0cm\">\n\t\t\t<br \/>\n\n\t\t\t<\/p>\n\t\t\t<p style=\"margin-bottom: 0cm\"><font face=\"Times New Roman, serif\"><font size=\"4\" style=\"font-size: 14pt\">Przeprowadzenie\n\t\t\tegzamin\u00f3w poprawkowych z&nbsp;zaj\u0119\u0107 edukacyjnych<\/font><\/font><\/p>\n\t\t\t<p><br \/>\n\n\t\t\t<\/p>\n\t\t<\/td>\n\t\t<td width=\"254\" style=\"background: transparent;border: 1px solid #000000;padding: 0cm 0.12cm\"><p style=\"margin-bottom: 0cm\">\n\t\t\t<br \/>\n\n\t\t\t<\/p>\n\t\t\t<p><font face=\"Times New Roman, serif\"><font size=\"4\" style=\"font-size: 14pt\">18\n\t\t\t&ndash; 22 sierpnia 2025 r.<\/font><\/font><\/p>\n\t\t<\/td>\n\t<\/tr>\n<\/table>\n<p style=\"line-height: 100%;margin-bottom: 0cm\"><br \/>\n\n<\/p>\n\n\n","protected":false},"excerpt":{"rendered":"<p>Terminy klasyfikacji rocznej w roku szkolnym 2024\/2025 Zawodowa Szko\u0142a Bran\u017cowa I stopnia Cechu Rzemios\u0142 R\u00f3\u017cnych w Nowym Targu Wystawienie przewidywanych rocznych ocen klasyfikacyjnych dla wszystkich klas 16 czerwca 2025 r. (poniedzia\u0142ek) Powiadomienie rodzic\u00f3w o przewidywanych rocznych ocenach klasyfikacyjnych we wszystkich klasach &ndash; wywiad\u00f3wki 17 czerwca 2025 r. (wtorek) godz. 17.00 Wnoszenie o uzyskanie wy\u017cszej ni\u017c [&hellip;]<\/p>\n","protected":false},"author":3,"featured_media":5597,"comment_status":"closed","ping_status":"closed","sticky":false,"template":"","format":"standard","meta":{"footnotes":""},"categories":[7],"tags":[],"featured_image":"https:\/\/www.cech.nowytarg.pl\/wp-content\/uploads\/2024\/06\/classroom-4919803_1280.jpg","_links":{"self":[{"href":"https:\/\/www.cech.nowytarg.pl\/index.php\/wp-json\/wp\/v2\/posts\/5887"}],"collection":[{"href":"https:\/\/www.cech.nowytarg.pl\/index.php\/wp-json\/wp\/v2\/posts"}],"about":[{"href":"https:\/\/www.cech.nowytarg.pl\/index.php\/wp-json\/wp\/v2\/types\/post"}],"author":[{"embeddable":true,"href":"https:\/\/www.cech.nowytarg.pl\/index.php\/wp-json\/wp\/v2\/users\/3"}],"replies":[{"embeddable":true,"href":"https:\/\/www.cech.nowytarg.pl\/index.php\/wp-json\/wp\/v2\/comments?post=5887"}],"version-history":[{"count":2,"href":"https:\/\/www.cech.nowytarg.pl\/index.php\/wp-json\/wp\/v2\/posts\/5887\/revisions"}],"predecessor-version":[{"id":5889,"href":"https:\/\/www.cech.nowytarg.pl\/index.php\/wp-json\/wp\/v2\/posts\/5887\/revisions\/5889"}],"wp:featuredmedia":[{"embeddable":true,"href":"https:\/\/www.cech.nowytarg.pl\/index.php\/wp-json\/wp\/v2\/media\/5597"}],"wp:attachment":[{"href":"https:\/\/www.cech.nowytarg.pl\/index.php\/wp-json\/wp\/v2\/media?parent=5887"}],"wp:term":[{"taxonomy":"category","embeddable":true,"href":"https:\/\/www.cech.nowytarg.pl\/index.php\/wp-json\/wp\/v2\/categories?post=5887"},{"taxonomy":"post_tag","embeddable":true,"href":"https:\/\/www.cech.nowytarg.pl\/index.php\/wp-json\/wp\/v2\/tags?post=5887"}],"curies":[{"name":"wp","href":"https:\/\/api.w.org\/{rel}","templated":true}]}}