{"id":5902,"date":"2025-06-16T11:10:42","date_gmt":"2025-06-16T09:10:42","guid":{"rendered":"https:\/\/www.cech.nowytarg.pl\/?p=5902"},"modified":"2025-06-16T11:11:13","modified_gmt":"2025-06-16T09:11:13","slug":"prezydent-rp-podpisal-ustawe-deregulacyjna","status":"publish","type":"post","link":"https:\/\/www.cech.nowytarg.pl\/index.php\/2025\/06\/16\/prezydent-rp-podpisal-ustawe-deregulacyjna\/","title":{"rendered":"Prezydent RP podpisa\u0142 ustaw\u0119 deregulacyjn\u0105"},"content":{"rendered":"\n<p>Podpisana przez \u00a0Prezydenta RP \u00a0ustawa deregulacyjna zawiera szereg zmian w ustawie o rzemio\u015ble dotycz\u0105cych rzemie\u015blnik\u00f3w i organizacji rzemie\u015blniczych. Rozszerzeniu podlega katalog rzemie\u015blniczej dzia\u0142alno\u015bci gospodarczej, w tym w\u0142\u0105czenie do rzemios\u0142a us\u0142ug optyk\u00f3w okularowych i protetyk\u00f3w s\u0142uchu.<\/p>\n\n\n\n<p>W ustawie prawo o\u015bwiatowe istotn\u0105 zmian\u0105 d\u0142ugo wyczekiwan\u0105 przez rzemie\u015blnik\u00f3w jest<strong> modyfikacja zasad przyznawania dofinansowania koszt\u00f3w kszta\u0142cenia m\u0142odocianych pracownik\u00f3w. Za pe\u0142ny okres kszta\u0142cenia potwierdzony \u015bwiadectwem pracy lub za\u015bwiadczeniem potwierdzaj\u0105cym okres zatrudnienia oraz za przyst\u0105pienie do egzaminu czeladniczego kwota dofinansowania b\u0119dzie przys\u0142ugiwa\u0142a w 100%<\/strong>.<\/p>\n\n\n\n<p>Nowelizacja ustawy Prawo przedsi\u0119biorc\u00f3w obejmuje m.in. skr\u00f3cenie maksymalnego czasu kontroli mikroprzedsi\u0119biorc\u00f3w z 12 do 6 dni. Przyj\u0119to r\u00f3wnie\u017c zasad\u0119 vacatio legis projekt\u00f3w ustaw nie kr\u00f3tszej ni\u017c po up\u0142ywie 6 miesi\u0119cy od dnia og\u0142oszenia.<\/p>\n\n\n\n<p>Ustawa wejdzie w \u017cycie 30 dni po og\u0142oszeniu.<\/p>\n\n\n\n<p>wi\u0119cej informacji pod linkiem <a href=\"https:\/\/zrp.pl\/wazne-zmiany-w-ustawie-o-rzemiosle-i-prawie-oswiatowym\/\">https:\/\/zrp.pl\/wazne-zmiany-w-ustawie-o-rzemiosle-i-prawie-oswiatowym\/<\/a><\/p>\n","protected":false},"excerpt":{"rendered":"<p>Podpisana przez \u00a0Prezydenta RP \u00a0ustawa deregulacyjna zawiera szereg zmian w ustawie o rzemio\u015ble dotycz\u0105cych rzemie\u015blnik\u00f3w i organizacji rzemie\u015blniczych. Rozszerzeniu podlega katalog rzemie\u015blniczej dzia\u0142alno\u015bci gospodarczej, w tym w\u0142\u0105czenie do rzemios\u0142a us\u0142ug optyk\u00f3w okularowych i protetyk\u00f3w s\u0142uchu. W ustawie prawo o\u015bwiatowe istotn\u0105 zmian\u0105 d\u0142ugo wyczekiwan\u0105 przez rzemie\u015blnik\u00f3w jest modyfikacja zasad przyznawania dofinansowania koszt\u00f3w kszta\u0142cenia m\u0142odocianych pracownik\u00f3w. Za [&hellip;]<\/p>\n","protected":false},"author":3,"featured_media":5903,"comment_status":"closed","ping_status":"closed","sticky":false,"template":"","format":"standard","meta":{"footnotes":""},"categories":[28,7],"tags":[],"featured_image":"https:\/\/www.cech.nowytarg.pl\/wp-content\/uploads\/2025\/06\/exclamation-mark-24077_1280.png","_links":{"self":[{"href":"https:\/\/www.cech.nowytarg.pl\/index.php\/wp-json\/wp\/v2\/posts\/5902"}],"collection":[{"href":"https:\/\/www.cech.nowytarg.pl\/index.php\/wp-json\/wp\/v2\/posts"}],"about":[{"href":"https:\/\/www.cech.nowytarg.pl\/index.php\/wp-json\/wp\/v2\/types\/post"}],"author":[{"embeddable":true,"href":"https:\/\/www.cech.nowytarg.pl\/index.php\/wp-json\/wp\/v2\/users\/3"}],"replies":[{"embeddable":true,"href":"https:\/\/www.cech.nowytarg.pl\/index.php\/wp-json\/wp\/v2\/comments?post=5902"}],"version-history":[{"count":1,"href":"https:\/\/www.cech.nowytarg.pl\/index.php\/wp-json\/wp\/v2\/posts\/5902\/revisions"}],"predecessor-version":[{"id":5904,"href":"https:\/\/www.cech.nowytarg.pl\/index.php\/wp-json\/wp\/v2\/posts\/5902\/revisions\/5904"}],"wp:featuredmedia":[{"embeddable":true,"href":"https:\/\/www.cech.nowytarg.pl\/index.php\/wp-json\/wp\/v2\/media\/5903"}],"wp:attachment":[{"href":"https:\/\/www.cech.nowytarg.pl\/index.php\/wp-json\/wp\/v2\/media?parent=5902"}],"wp:term":[{"taxonomy":"category","embeddable":true,"href":"https:\/\/www.cech.nowytarg.pl\/index.php\/wp-json\/wp\/v2\/categories?post=5902"},{"taxonomy":"post_tag","embeddable":true,"href":"https:\/\/www.cech.nowytarg.pl\/index.php\/wp-json\/wp\/v2\/tags?post=5902"}],"curies":[{"name":"wp","href":"https:\/\/api.w.org\/{rel}","templated":true}]}}