{"id":5920,"date":"2025-06-23T13:35:08","date_gmt":"2025-06-23T11:35:08","guid":{"rendered":"https:\/\/www.cech.nowytarg.pl\/?p=5920"},"modified":"2025-06-23T13:35:08","modified_gmt":"2025-06-23T11:35:08","slug":"zakonczenie-roku-szkolnego-2024-2025","status":"publish","type":"post","link":"https:\/\/www.cech.nowytarg.pl\/index.php\/2025\/06\/23\/zakonczenie-roku-szkolnego-2024-2025\/","title":{"rendered":"Zako\u0144czenie roku szkolnego 2024\/2025"},"content":{"rendered":"\n<p>Zako\u0144czenie roku szkolnego dla uczni\u00f3w wszystkich klas szko\u0142y odb\u0119dzie si\u0119 w <strong>pi\u0105tek 27 czerwca o godz. 15.00<\/strong> w budynku szko\u0142y, ul. Szaflarska 9.<\/p>\n","protected":false},"excerpt":{"rendered":"<p>Zako\u0144czenie roku szkolnego dla uczni\u00f3w wszystkich klas szko\u0142y odb\u0119dzie si\u0119 w pi\u0105tek 27 czerwca o godz. 15.00 w budynku szko\u0142y, ul. Szaflarska 9.<\/p>\n","protected":false},"author":3,"featured_media":5921,"comment_status":"closed","ping_status":"closed","sticky":false,"template":"","format":"standard","meta":{"footnotes":""},"categories":[7],"tags":[],"featured_image":"https:\/\/www.cech.nowytarg.pl\/wp-content\/uploads\/2025\/06\/icon-1719741_1280.png","_links":{"self":[{"href":"https:\/\/www.cech.nowytarg.pl\/index.php\/wp-json\/wp\/v2\/posts\/5920"}],"collection":[{"href":"https:\/\/www.cech.nowytarg.pl\/index.php\/wp-json\/wp\/v2\/posts"}],"about":[{"href":"https:\/\/www.cech.nowytarg.pl\/index.php\/wp-json\/wp\/v2\/types\/post"}],"author":[{"embeddable":true,"href":"https:\/\/www.cech.nowytarg.pl\/index.php\/wp-json\/wp\/v2\/users\/3"}],"replies":[{"embeddable":true,"href":"https:\/\/www.cech.nowytarg.pl\/index.php\/wp-json\/wp\/v2\/comments?post=5920"}],"version-history":[{"count":1,"href":"https:\/\/www.cech.nowytarg.pl\/index.php\/wp-json\/wp\/v2\/posts\/5920\/revisions"}],"predecessor-version":[{"id":5922,"href":"https:\/\/www.cech.nowytarg.pl\/index.php\/wp-json\/wp\/v2\/posts\/5920\/revisions\/5922"}],"wp:featuredmedia":[{"embeddable":true,"href":"https:\/\/www.cech.nowytarg.pl\/index.php\/wp-json\/wp\/v2\/media\/5921"}],"wp:attachment":[{"href":"https:\/\/www.cech.nowytarg.pl\/index.php\/wp-json\/wp\/v2\/media?parent=5920"}],"wp:term":[{"taxonomy":"category","embeddable":true,"href":"https:\/\/www.cech.nowytarg.pl\/index.php\/wp-json\/wp\/v2\/categories?post=5920"},{"taxonomy":"post_tag","embeddable":true,"href":"https:\/\/www.cech.nowytarg.pl\/index.php\/wp-json\/wp\/v2\/tags?post=5920"}],"curies":[{"name":"wp","href":"https:\/\/api.w.org\/{rel}","templated":true}]}}