{"id":5923,"date":"2025-07-15T11:55:44","date_gmt":"2025-07-15T09:55:44","guid":{"rendered":"https:\/\/www.cech.nowytarg.pl\/?p=5923"},"modified":"2025-07-15T11:55:44","modified_gmt":"2025-07-15T09:55:44","slug":"monitorowanie-prawa-przez-organizacje-rzemiosla","status":"publish","type":"post","link":"https:\/\/www.cech.nowytarg.pl\/index.php\/2025\/07\/15\/monitorowanie-prawa-przez-organizacje-rzemiosla\/","title":{"rendered":"Monitorowanie Prawa przez Organizacje Rzemios\u0142a"},"content":{"rendered":"\r\n<p>Zapraszamy do wyra\u017cania opinii na temat akt\u00f3w prawnych b\u0119d\u0105cych aktualnie w opracowaniu przez Rz\u0105d RP.<\/p>\r\n\r\n\r\n\r\n<p>Obecnie opiniujemy:<\/p>\r\n\r\n\r\n\r\n<ol>\r\n<li>Rozporz\u0105dzenie Ministra Edukacji Narodowej z dnia 22 lutego 2019 r. w sprawie praktycznej nauki zawodu &#8211; uwagi i opinie prosimy zg\u0142asza\u0107 do Biura tut. Cechu do 22 lipca br.<\/li>\r\n\r\n\r\n\r\n<li>Projekt Ustawy o rzemio\u015ble i dualnym kszta\u0142ceniu zawodowym w rzemio\u015ble &#8211; uwagi i opinie prosimy zg\u0142asza\u0107 do Biura tut. Cechu do 29 lipca br.<\/li>\r\n<\/ol>\r\n\r\n\r\n\r\n<p>&nbsp;<\/p>\r\n<p>Poni\u017cej w za\u0142\u0105czeniu:<\/p>\r\n\r\n\r\n\r\n<ol>\r\n<li><strong>Rozporz\u0105dzenie Ministra Edukacji Narodowej z dnia 22 lutego 2019 r. w sprawie praktycznej nauki zawodu<\/strong><\/li>\r\n\r\n\r\n\r\n<li><strong>Projekt Ustawy o rzemio\u015ble i dualnym kszta\u0142ceniu zawodowym w rzemio\u015ble<\/strong><\/li>\r\n\r\n\r\n\r\n<li>Ustawa z dnia 22 marca 1989 r. o rzemio\u015ble<\/li>\r\n\r\n\r\n\r\n<li>Ustawa z dnia 21 maja 2025 r. o zmianie niekt\u00f3rych ustaw w celu deregulacji prawa gospodarczego i administracyjnego oraz doskonalenia zasad opracowywania prawa gospodarczego<\/li>\r\n<\/ol>\r\n\r\n\r\n\r\n<p>1.<\/p>\r\n<iframe class=\"wonderplugin-pdf-iframe\" src=\"https:\/\/www.cech.nowytarg.pl\/wp-content\/plugins\/wonderplugin-pdf-embed\/pdfjslight\/web\/viewer.html?v=2&disabletext=1&disabledoc=1&disableopenfile=1&file=https%3A%2F%2Fwww.cech.nowytarg.pl%2Fwp-content%2Fuploads%2F2025%2F07%2FRozporzadzenie-w-sprawie-praktycznej-nauki-zawodu.pdf\" width=\"100%\" height=\"600px\" style=\"border:0;\"><\/iframe>\r\n<p>2.<\/p>\r\n<iframe class=\"wonderplugin-pdf-iframe\" src=\"https:\/\/www.cech.nowytarg.pl\/wp-content\/plugins\/wonderplugin-pdf-embed\/pdfjslight\/web\/viewer.html?v=2&disabletext=1&disabledoc=1&disableopenfile=1&file=https%3A%2F%2Fwww.cech.nowytarg.pl%2Fwp-content%2Fuploads%2F2025%2F07%2FProjekt-ustawy-o-rzemiosle-do-konsultacji.pdf\" width=\"100%\" height=\"600px\" style=\"border:0;\"><\/iframe>\r\n<p>3.<\/p>\r\n<iframe class=\"wonderplugin-pdf-iframe\" src=\"https:\/\/www.cech.nowytarg.pl\/wp-content\/plugins\/wonderplugin-pdf-embed\/pdfjslight\/web\/viewer.html?v=2&disabletext=1&disabledoc=1&disableopenfile=1&file=https%3A%2F%2Fwww.cech.nowytarg.pl%2Fwp-content%2Fuploads%2F2025%2F07%2FUstawa-o-rzemiosle.pdf\" width=\"100%\" height=\"600px\" style=\"border:0;\"><\/iframe>\r\n<p>4.<\/p>\r\n<iframe class=\"wonderplugin-pdf-iframe\" src=\"https:\/\/www.cech.nowytarg.pl\/wp-content\/plugins\/wonderplugin-pdf-embed\/pdfjslight\/web\/viewer.html?v=2&disabletext=1&disabledoc=1&disableopenfile=1&file=https%3A%2F%2Fwww.cech.nowytarg.pl%2Fwp-content%2Fuploads%2F2025%2F07%2FUstawa-o-zmianie-niektorych-ustaw-w-celu-deregulacji-prawa-gospodarczego-i-administracyjnego-oraz-doskonalenia-zasad-opracowywania-prawa-gospodarczego.pdf\" width=\"100%\" height=\"600px\" style=\"border:0;\"><\/iframe>\r\n","protected":false},"excerpt":{"rendered":"<p>Zapraszamy do wyra\u017cania opinii na temat akt\u00f3w prawnych b\u0119d\u0105cych aktualnie w opracowaniu przez Rz\u0105d RP. Obecnie opiniujemy: &nbsp; Poni\u017cej w za\u0142\u0105czeniu: 1. 2. 3. 4.<\/p>\n","protected":false},"author":3,"featured_media":5594,"comment_status":"closed","ping_status":"closed","sticky":false,"template":"","format":"standard","meta":{"footnotes":""},"categories":[1,28,7],"tags":[],"featured_image":"https:\/\/www.cech.nowytarg.pl\/wp-content\/uploads\/2024\/05\/logo-cech-strona.jpg","_links":{"self":[{"href":"https:\/\/www.cech.nowytarg.pl\/index.php\/wp-json\/wp\/v2\/posts\/5923"}],"collection":[{"href":"https:\/\/www.cech.nowytarg.pl\/index.php\/wp-json\/wp\/v2\/posts"}],"about":[{"href":"https:\/\/www.cech.nowytarg.pl\/index.php\/wp-json\/wp\/v2\/types\/post"}],"author":[{"embeddable":true,"href":"https:\/\/www.cech.nowytarg.pl\/index.php\/wp-json\/wp\/v2\/users\/3"}],"replies":[{"embeddable":true,"href":"https:\/\/www.cech.nowytarg.pl\/index.php\/wp-json\/wp\/v2\/comments?post=5923"}],"version-history":[{"count":8,"href":"https:\/\/www.cech.nowytarg.pl\/index.php\/wp-json\/wp\/v2\/posts\/5923\/revisions"}],"predecessor-version":[{"id":5936,"href":"https:\/\/www.cech.nowytarg.pl\/index.php\/wp-json\/wp\/v2\/posts\/5923\/revisions\/5936"}],"wp:featuredmedia":[{"embeddable":true,"href":"https:\/\/www.cech.nowytarg.pl\/index.php\/wp-json\/wp\/v2\/media\/5594"}],"wp:attachment":[{"href":"https:\/\/www.cech.nowytarg.pl\/index.php\/wp-json\/wp\/v2\/media?parent=5923"}],"wp:term":[{"taxonomy":"category","embeddable":true,"href":"https:\/\/www.cech.nowytarg.pl\/index.php\/wp-json\/wp\/v2\/categories?post=5923"},{"taxonomy":"post_tag","embeddable":true,"href":"https:\/\/www.cech.nowytarg.pl\/index.php\/wp-json\/wp\/v2\/tags?post=5923"}],"curies":[{"name":"wp","href":"https:\/\/api.w.org\/{rel}","templated":true}]}}