{"id":5943,"date":"2025-08-26T11:11:02","date_gmt":"2025-08-26T09:11:02","guid":{"rendered":"https:\/\/www.cech.nowytarg.pl\/?p=5943"},"modified":"2025-08-26T11:11:02","modified_gmt":"2025-08-26T09:11:02","slug":"rozpoczecie-roku-szkolnego-2025-2026","status":"publish","type":"post","link":"https:\/\/www.cech.nowytarg.pl\/index.php\/2025\/08\/26\/rozpoczecie-roku-szkolnego-2025-2026\/","title":{"rendered":"Rozpocz\u0119cie roku szkolnego 2025\/2026"},"content":{"rendered":"<p>Rozpocz\u0119cie roku szkolnego 2025\/2026 dla uczni\u00f3w wszystkich klas odb\u0119dzie si\u0119 1 wrze\u015bnia &#8211; poniedzia\u0142ek o godz. 14.00 w budynku szko\u0142y, ul. Szaflarska 9.<\/p>\n","protected":false},"excerpt":{"rendered":"<p>Rozpocz\u0119cie roku szkolnego 2025\/2026 dla uczni\u00f3w wszystkich klas odb\u0119dzie si\u0119 1 wrze\u015bnia &#8211; poniedzia\u0142ek o godz. 14.00 w budynku szko\u0142y, ul. Szaflarska 9.<\/p>\n","protected":false},"author":3,"featured_media":5944,"comment_status":"closed","ping_status":"closed","sticky":false,"template":"","format":"standard","meta":{"footnotes":""},"categories":[7],"tags":[],"featured_image":"https:\/\/www.cech.nowytarg.pl\/wp-content\/uploads\/2025\/08\/widok-z-tylu-nastoletnich-przyjaciol-idacych-liceum-scaled.jpg","_links":{"self":[{"href":"https:\/\/www.cech.nowytarg.pl\/index.php\/wp-json\/wp\/v2\/posts\/5943"}],"collection":[{"href":"https:\/\/www.cech.nowytarg.pl\/index.php\/wp-json\/wp\/v2\/posts"}],"about":[{"href":"https:\/\/www.cech.nowytarg.pl\/index.php\/wp-json\/wp\/v2\/types\/post"}],"author":[{"embeddable":true,"href":"https:\/\/www.cech.nowytarg.pl\/index.php\/wp-json\/wp\/v2\/users\/3"}],"replies":[{"embeddable":true,"href":"https:\/\/www.cech.nowytarg.pl\/index.php\/wp-json\/wp\/v2\/comments?post=5943"}],"version-history":[{"count":2,"href":"https:\/\/www.cech.nowytarg.pl\/index.php\/wp-json\/wp\/v2\/posts\/5943\/revisions"}],"predecessor-version":[{"id":5946,"href":"https:\/\/www.cech.nowytarg.pl\/index.php\/wp-json\/wp\/v2\/posts\/5943\/revisions\/5946"}],"wp:featuredmedia":[{"embeddable":true,"href":"https:\/\/www.cech.nowytarg.pl\/index.php\/wp-json\/wp\/v2\/media\/5944"}],"wp:attachment":[{"href":"https:\/\/www.cech.nowytarg.pl\/index.php\/wp-json\/wp\/v2\/media?parent=5943"}],"wp:term":[{"taxonomy":"category","embeddable":true,"href":"https:\/\/www.cech.nowytarg.pl\/index.php\/wp-json\/wp\/v2\/categories?post=5943"},{"taxonomy":"post_tag","embeddable":true,"href":"https:\/\/www.cech.nowytarg.pl\/index.php\/wp-json\/wp\/v2\/tags?post=5943"}],"curies":[{"name":"wp","href":"https:\/\/api.w.org\/{rel}","templated":true}]}}