{"id":5966,"date":"2025-09-18T10:01:35","date_gmt":"2025-09-18T08:01:35","guid":{"rendered":"https:\/\/www.cech.nowytarg.pl\/?p=5966"},"modified":"2025-09-18T10:01:35","modified_gmt":"2025-09-18T08:01:35","slug":"wycieczka-na-dolny-slask-organizowana-przez-cech-rzemiosl-roznych-w-nowym-saczu","status":"publish","type":"post","link":"https:\/\/www.cech.nowytarg.pl\/index.php\/2025\/09\/18\/wycieczka-na-dolny-slask-organizowana-przez-cech-rzemiosl-roznych-w-nowym-saczu\/","title":{"rendered":"Wycieczka na Dolny \u015al\u0105sk organizowana przez Cech Rzemios\u0142 R\u00f3\u017cnych w Nowym S\u0105czu"},"content":{"rendered":"\n<p>Cech Rzemios\u0142 R\u00f3\u017cnych w Nowym S\u0105czu organizuje 4-dniow\u0105 wycieczk\u0119 na Dolny \u015al\u0105sk. Szczeg\u00f3\u0142y poni\u017cej.<\/p>\n\n\n\n<figure class=\"wp-block-gallery has-nested-images columns-default is-cropped wp-block-gallery-1 is-layout-flex wp-block-gallery-is-layout-flex\">\n<figure class=\"wp-block-image size-large\"><a href=\"https:\/\/www.cech.nowytarg.pl\/wp-content\/uploads\/2025\/09\/wycieczka-.jpg\"><img decoding=\"async\" loading=\"lazy\" width=\"684\" height=\"1024\" data-id=\"5967\" src=\"https:\/\/www.cech.nowytarg.pl\/wp-content\/uploads\/2025\/09\/wycieczka--684x1024.jpg\" alt=\"\" class=\"wp-image-5967\" srcset=\"https:\/\/www.cech.nowytarg.pl\/wp-content\/uploads\/2025\/09\/wycieczka--684x1024.jpg 684w, https:\/\/www.cech.nowytarg.pl\/wp-content\/uploads\/2025\/09\/wycieczka--200x300.jpg 200w, https:\/\/www.cech.nowytarg.pl\/wp-content\/uploads\/2025\/09\/wycieczka--768x1151.jpg 768w, https:\/\/www.cech.nowytarg.pl\/wp-content\/uploads\/2025\/09\/wycieczka--1025x1536.jpg 1025w, https:\/\/www.cech.nowytarg.pl\/wp-content\/uploads\/2025\/09\/wycieczka-.jpg 1367w\" sizes=\"(max-width: 684px) 100vw, 684px\" \/><\/a><\/figure>\n\n\n\n<figure class=\"wp-block-image size-large\"><a href=\"https:\/\/www.cech.nowytarg.pl\/wp-content\/uploads\/2025\/09\/20250918100541250_0001-scaled.jpg\"><img decoding=\"async\" loading=\"lazy\" width=\"724\" height=\"1024\" data-id=\"5968\" src=\"https:\/\/www.cech.nowytarg.pl\/wp-content\/uploads\/2025\/09\/20250918100541250_0001-724x1024.jpg\" alt=\"\" class=\"wp-image-5968\" srcset=\"https:\/\/www.cech.nowytarg.pl\/wp-content\/uploads\/2025\/09\/20250918100541250_0001-724x1024.jpg 724w, https:\/\/www.cech.nowytarg.pl\/wp-content\/uploads\/2025\/09\/20250918100541250_0001-212x300.jpg 212w, https:\/\/www.cech.nowytarg.pl\/wp-content\/uploads\/2025\/09\/20250918100541250_0001-768x1087.jpg 768w, https:\/\/www.cech.nowytarg.pl\/wp-content\/uploads\/2025\/09\/20250918100541250_0001-1085x1536.jpg 1085w, https:\/\/www.cech.nowytarg.pl\/wp-content\/uploads\/2025\/09\/20250918100541250_0001-1447x2048.jpg 1447w, https:\/\/www.cech.nowytarg.pl\/wp-content\/uploads\/2025\/09\/20250918100541250_0001-scaled.jpg 1809w\" sizes=\"(max-width: 724px) 100vw, 724px\" \/><\/a><\/figure>\n\n\n\n<figure class=\"wp-block-image size-large\"><a href=\"https:\/\/www.cech.nowytarg.pl\/wp-content\/uploads\/2025\/09\/20250918100558973_0001-scaled.jpg\"><img decoding=\"async\" loading=\"lazy\" width=\"724\" height=\"1024\" data-id=\"5969\" src=\"https:\/\/www.cech.nowytarg.pl\/wp-content\/uploads\/2025\/09\/20250918100558973_0001-724x1024.jpg\" alt=\"\" class=\"wp-image-5969\" srcset=\"https:\/\/www.cech.nowytarg.pl\/wp-content\/uploads\/2025\/09\/20250918100558973_0001-724x1024.jpg 724w, https:\/\/www.cech.nowytarg.pl\/wp-content\/uploads\/2025\/09\/20250918100558973_0001-212x300.jpg 212w, https:\/\/www.cech.nowytarg.pl\/wp-content\/uploads\/2025\/09\/20250918100558973_0001-768x1087.jpg 768w, https:\/\/www.cech.nowytarg.pl\/wp-content\/uploads\/2025\/09\/20250918100558973_0001-1085x1536.jpg 1085w, https:\/\/www.cech.nowytarg.pl\/wp-content\/uploads\/2025\/09\/20250918100558973_0001-1447x2048.jpg 1447w, https:\/\/www.cech.nowytarg.pl\/wp-content\/uploads\/2025\/09\/20250918100558973_0001-scaled.jpg 1809w\" sizes=\"(max-width: 724px) 100vw, 724px\" \/><\/a><\/figure>\n<\/figure>\n","protected":false},"excerpt":{"rendered":"<p>Cech Rzemios\u0142 R\u00f3\u017cnych w Nowym S\u0105czu organizuje 4-dniow\u0105 wycieczk\u0119 na Dolny \u015al\u0105sk. Szczeg\u00f3\u0142y poni\u017cej.<\/p>\n","protected":false},"author":3,"featured_media":5967,"comment_status":"closed","ping_status":"closed","sticky":false,"template":"","format":"standard","meta":{"footnotes":""},"categories":[28,7],"tags":[],"featured_image":"https:\/\/www.cech.nowytarg.pl\/wp-content\/uploads\/2025\/09\/wycieczka-.jpg","_links":{"self":[{"href":"https:\/\/www.cech.nowytarg.pl\/index.php\/wp-json\/wp\/v2\/posts\/5966"}],"collection":[{"href":"https:\/\/www.cech.nowytarg.pl\/index.php\/wp-json\/wp\/v2\/posts"}],"about":[{"href":"https:\/\/www.cech.nowytarg.pl\/index.php\/wp-json\/wp\/v2\/types\/post"}],"author":[{"embeddable":true,"href":"https:\/\/www.cech.nowytarg.pl\/index.php\/wp-json\/wp\/v2\/users\/3"}],"replies":[{"embeddable":true,"href":"https:\/\/www.cech.nowytarg.pl\/index.php\/wp-json\/wp\/v2\/comments?post=5966"}],"version-history":[{"count":2,"href":"https:\/\/www.cech.nowytarg.pl\/index.php\/wp-json\/wp\/v2\/posts\/5966\/revisions"}],"predecessor-version":[{"id":5971,"href":"https:\/\/www.cech.nowytarg.pl\/index.php\/wp-json\/wp\/v2\/posts\/5966\/revisions\/5971"}],"wp:featuredmedia":[{"embeddable":true,"href":"https:\/\/www.cech.nowytarg.pl\/index.php\/wp-json\/wp\/v2\/media\/5967"}],"wp:attachment":[{"href":"https:\/\/www.cech.nowytarg.pl\/index.php\/wp-json\/wp\/v2\/media?parent=5966"}],"wp:term":[{"taxonomy":"category","embeddable":true,"href":"https:\/\/www.cech.nowytarg.pl\/index.php\/wp-json\/wp\/v2\/categories?post=5966"},{"taxonomy":"post_tag","embeddable":true,"href":"https:\/\/www.cech.nowytarg.pl\/index.php\/wp-json\/wp\/v2\/tags?post=5966"}],"curies":[{"name":"wp","href":"https:\/\/api.w.org\/{rel}","templated":true}]}}