{"id":5999,"date":"2025-09-23T11:41:41","date_gmt":"2025-09-23T09:41:41","guid":{"rendered":"https:\/\/www.cech.nowytarg.pl\/?p=5999"},"modified":"2025-09-23T11:41:41","modified_gmt":"2025-09-23T09:41:41","slug":"tydzien-przeciwdzialania-przemocy-rowiesniczej-29-wrzesnia-3-pazdziernika-2025-r","status":"publish","type":"post","link":"https:\/\/www.cech.nowytarg.pl\/index.php\/2025\/09\/23\/tydzien-przeciwdzialania-przemocy-rowiesniczej-29-wrzesnia-3-pazdziernika-2025-r\/","title":{"rendered":"Tydzie\u0144 przeciwdzia\u0142ania przemocy r\u00f3wie\u015bniczej &#8211; 29 wrze\u015bnia &#8211; 3 pa\u017adziernika 2025 r."},"content":{"rendered":"\n<p>Nasza szko\u0142a bierze udzia\u0142 w akcji Ministerstwa Edukacji Narodowej &#8222;Tydzie\u0144 Przeciwdzia\u0142ania Przemocy R\u00f3wie\u015bniczej&#8221;. Dzia\u0142ania podejmowane w ramach tego wydarzenia maj\u0105 na celu kszta\u0142towanie postaw opartych na szacunku, empatii oraz budowaniu dobrych relacji mi\u0119dzy uczniami. Istotnym elementem jest r\u00f3wnie\u017c podnoszenie \u015bwiadomo\u015bci dotycz\u0105cej r\u00f3\u017cnych przejaw\u00f3w przemocy \u2013 fizycznej, psychicznej czy tej w sieci. <\/p>\n\n\n\n<p><\/p>\n\n\n\n<p><strong>Zapraszamy Rodzic\u00f3w do wsp\u00f3\u0142pracy.<\/strong><\/p>\n\n\n\n<p>Ogromn\u0105 rol\u0119 w kszta\u0142towaniu postaw dziecka, jego relacji z r\u00f3wie\u015bnikami odgrywaj\u0105 rodzice. Zach\u0119camy  do zapoznania si\u0119 z materia\u0142ami, kt\u00f3re mog\u0105 by\u0107 pomocne w rozmowach z dzie\u0107mi na temat relacji, szacunku i empatii. Materia\u0142y zawieraj\u0105 r\u00f3wnie\u017c wa\u017cne wskaz\u00f3wki dotycz\u0105ce dzia\u0142a\u0144 podczas zetkni\u0119cia z przemoc\u0105 r\u00f3wie\u015bnicz\u0105.<\/p>\n\n\n\n<p><\/p>\n\n\n\n<p>Poni\u017cej materia\u0142y dotycz\u0105ce &#8222;Tygodnia Przeciwdzia\u0142ania Przemocy R\u00f3wie\u015bniczej&#8221;:<\/p>\n\n\n\n<ol>\n<li>List Ministra do dyrektor\u00f3w, nauczycieli szk\u00f3\u0142 i plac\u00f3wek<\/li>\n\n\n\n<li>List Ministra do m\u0142odzie\u017cy<\/li>\n\n\n\n<li>List Ministra do rodzic\u00f3w<\/li>\n\n\n\n<li>Materia\u0142y MEN Tydzie\u0144 o Przeciwdzia\u0142aniu Przemocy<\/li>\n\n\n\n<li>\u015acie\u017cka pomocy dla ucznia &#8211; przemoc r\u00f3wie\u015bnicza<\/li>\n\n\n\n<li>\u015acie\u017cka pomocy dla rodzica &#8211; przemoc r\u00f3wie\u015bnicza<\/li>\n\n\n\n<li>\u015acie\u017cka pomocy dla szko\u0142y &#8211; przemoc r\u00f3wie\u015bnicza<\/li>\n<\/ol>\n\n\n<iframe class=\"wonderplugin-pdf-iframe\" src=\"https:\/\/www.cech.nowytarg.pl\/wp-content\/plugins\/wonderplugin-pdf-embed\/pdfjslight\/web\/viewer.html?v=2&disabletext=1&disabledoc=1&disableopenfile=1&file=https%3A%2F%2Fwww.cech.nowytarg.pl%2Fwp-content%2Fuploads%2F2025%2F09%2FList-Ministra-do-dyrektorow-nauczycieli-szkol-i-placowek-1.pdf\" width=\"100%\" height=\"800px\" style=\"border:0;\"><\/iframe>\n\n\n<iframe class=\"wonderplugin-pdf-iframe\" src=\"https:\/\/www.cech.nowytarg.pl\/wp-content\/plugins\/wonderplugin-pdf-embed\/pdfjslight\/web\/viewer.html?v=2&disabletext=1&disabledoc=1&disableopenfile=1&file=https%3A%2F%2Fwww.cech.nowytarg.pl%2Fwp-content%2Fuploads%2F2025%2F09%2FList-Ministra-Edukacji-do-mlodziezy-1.pdf\" width=\"100%\" height=\"800px\" style=\"border:0;\"><\/iframe>\n\n\n<iframe class=\"wonderplugin-pdf-iframe\" src=\"https:\/\/www.cech.nowytarg.pl\/wp-content\/plugins\/wonderplugin-pdf-embed\/pdfjslight\/web\/viewer.html?v=2&disabletext=1&disabledoc=1&disableopenfile=1&file=https%3A%2F%2Fwww.cech.nowytarg.pl%2Fwp-content%2Fuploads%2F2025%2F09%2FList-Ministra-Edukacji-do-rodzicow-SP-SPP-i-placowek-1.pdf\" width=\"100%\" height=\"800px\" style=\"border:0;\"><\/iframe>\n\n\n<iframe class=\"wonderplugin-pdf-iframe\" src=\"https:\/\/www.cech.nowytarg.pl\/wp-content\/plugins\/wonderplugin-pdf-embed\/pdfjslight\/web\/viewer.html?v=2&disabletext=1&disabledoc=1&disableopenfile=1&file=https%3A%2F%2Fwww.cech.nowytarg.pl%2Fwp-content%2Fuploads%2F2025%2F09%2FMaterialy-MEN-cz.-1-Tydzien-o-przeciwdzialaniu-przemocy1.pdf\" width=\"100%\" height=\"800px\" style=\"border:0;\"><\/iframe>\n\n\n<iframe class=\"wonderplugin-pdf-iframe\" src=\"https:\/\/www.cech.nowytarg.pl\/wp-content\/plugins\/wonderplugin-pdf-embed\/pdfjslight\/web\/viewer.html?v=2&disabletext=1&disabledoc=1&disableopenfile=1&file=https%3A%2F%2Fwww.cech.nowytarg.pl%2Fwp-content%2Fuploads%2F2025%2F09%2FSCIEZKA-POMOCY-DLA-UCZNIA-przemoc-rowiesnicza1.pdf\" width=\"100%\" height=\"800px\" style=\"border:0;\"><\/iframe>\n\n\n<iframe class=\"wonderplugin-pdf-iframe\" src=\"https:\/\/www.cech.nowytarg.pl\/wp-content\/plugins\/wonderplugin-pdf-embed\/pdfjslight\/web\/viewer.html?v=2&disabletext=1&disabledoc=1&disableopenfile=1&file=https%3A%2F%2Fwww.cech.nowytarg.pl%2Fwp-content%2Fuploads%2F2025%2F09%2FSCIEZKA-POMOCY-DLA-RODZICA-przemoc-rowiesnicza1.pdf\" width=\"100%\" height=\"800px\" style=\"border:0;\"><\/iframe>\n\n\n<iframe class=\"wonderplugin-pdf-iframe\" src=\"https:\/\/www.cech.nowytarg.pl\/wp-content\/plugins\/wonderplugin-pdf-embed\/pdfjslight\/web\/viewer.html?v=2&disabletext=1&disabledoc=1&disableopenfile=1&file=https%3A%2F%2Fwww.cech.nowytarg.pl%2Fwp-content%2Fuploads%2F2025%2F09%2FSCIEZKA-POMOCY-DLA-SZKOLY-przemoc-rowiesnicza1.pdf\" width=\"100%\" height=\"800px\" style=\"border:0;\"><\/iframe>\n\n\n\n<figure class=\"wp-block-gallery has-nested-images columns-default is-cropped wp-block-gallery-1 is-layout-flex wp-block-gallery-is-layout-flex\">\n<figure class=\"wp-block-image size-large\"><a href=\"https:\/\/www.cech.nowytarg.pl\/wp-content\/uploads\/2025\/09\/Plakat-Tydzien-o-przeciwdzialaniu-przemocy-rowiesniczej-1_page-0001-1.jpg\"><img decoding=\"async\" loading=\"lazy\" width=\"724\" height=\"1024\" data-id=\"6018\" src=\"https:\/\/www.cech.nowytarg.pl\/wp-content\/uploads\/2025\/09\/Plakat-Tydzien-o-przeciwdzialaniu-przemocy-rowiesniczej-1_page-0001-1-724x1024.jpg\" alt=\"\" class=\"wp-image-6018\" srcset=\"https:\/\/www.cech.nowytarg.pl\/wp-content\/uploads\/2025\/09\/Plakat-Tydzien-o-przeciwdzialaniu-przemocy-rowiesniczej-1_page-0001-1-724x1024.jpg 724w, https:\/\/www.cech.nowytarg.pl\/wp-content\/uploads\/2025\/09\/Plakat-Tydzien-o-przeciwdzialaniu-przemocy-rowiesniczej-1_page-0001-1-212x300.jpg 212w, https:\/\/www.cech.nowytarg.pl\/wp-content\/uploads\/2025\/09\/Plakat-Tydzien-o-przeciwdzialaniu-przemocy-rowiesniczej-1_page-0001-1-768x1086.jpg 768w, https:\/\/www.cech.nowytarg.pl\/wp-content\/uploads\/2025\/09\/Plakat-Tydzien-o-przeciwdzialaniu-przemocy-rowiesniczej-1_page-0001-1-1087x1536.jpg 1087w, https:\/\/www.cech.nowytarg.pl\/wp-content\/uploads\/2025\/09\/Plakat-Tydzien-o-przeciwdzialaniu-przemocy-rowiesniczej-1_page-0001-1-1449x2048.jpg 1449w, https:\/\/www.cech.nowytarg.pl\/wp-content\/uploads\/2025\/09\/Plakat-Tydzien-o-przeciwdzialaniu-przemocy-rowiesniczej-1_page-0001-1.jpg 1755w\" sizes=\"(max-width: 724px) 100vw, 724px\" \/><\/a><\/figure>\n<\/figure>\n","protected":false},"excerpt":{"rendered":"<p>Nasza szko\u0142a bierze udzia\u0142 w akcji Ministerstwa Edukacji Narodowej &#8222;Tydzie\u0144 Przeciwdzia\u0142ania Przemocy R\u00f3wie\u015bniczej&#8221;. Dzia\u0142ania podejmowane w ramach tego wydarzenia maj\u0105 na celu kszta\u0142towanie postaw opartych na szacunku, empatii oraz budowaniu dobrych relacji mi\u0119dzy uczniami. Istotnym elementem jest r\u00f3wnie\u017c podnoszenie \u015bwiadomo\u015bci dotycz\u0105cej r\u00f3\u017cnych przejaw\u00f3w przemocy \u2013 fizycznej, psychicznej czy tej w sieci. Zapraszamy Rodzic\u00f3w do wsp\u00f3\u0142pracy. [&hellip;]<\/p>\n","protected":false},"author":3,"featured_media":6020,"comment_status":"closed","ping_status":"closed","sticky":false,"template":"","format":"standard","meta":{"footnotes":""},"categories":[7],"tags":[],"featured_image":"https:\/\/www.cech.nowytarg.pl\/wp-content\/uploads\/2025\/09\/Plakat-Tydzien-o-przeciwdzialaniu-przemocy-rowiesniczej-1_page-0001-mm.jpg","_links":{"self":[{"href":"https:\/\/www.cech.nowytarg.pl\/index.php\/wp-json\/wp\/v2\/posts\/5999"}],"collection":[{"href":"https:\/\/www.cech.nowytarg.pl\/index.php\/wp-json\/wp\/v2\/posts"}],"about":[{"href":"https:\/\/www.cech.nowytarg.pl\/index.php\/wp-json\/wp\/v2\/types\/post"}],"author":[{"embeddable":true,"href":"https:\/\/www.cech.nowytarg.pl\/index.php\/wp-json\/wp\/v2\/users\/3"}],"replies":[{"embeddable":true,"href":"https:\/\/www.cech.nowytarg.pl\/index.php\/wp-json\/wp\/v2\/comments?post=5999"}],"version-history":[{"count":5,"href":"https:\/\/www.cech.nowytarg.pl\/index.php\/wp-json\/wp\/v2\/posts\/5999\/revisions"}],"predecessor-version":[{"id":6022,"href":"https:\/\/www.cech.nowytarg.pl\/index.php\/wp-json\/wp\/v2\/posts\/5999\/revisions\/6022"}],"wp:featuredmedia":[{"embeddable":true,"href":"https:\/\/www.cech.nowytarg.pl\/index.php\/wp-json\/wp\/v2\/media\/6020"}],"wp:attachment":[{"href":"https:\/\/www.cech.nowytarg.pl\/index.php\/wp-json\/wp\/v2\/media?parent=5999"}],"wp:term":[{"taxonomy":"category","embeddable":true,"href":"https:\/\/www.cech.nowytarg.pl\/index.php\/wp-json\/wp\/v2\/categories?post=5999"},{"taxonomy":"post_tag","embeddable":true,"href":"https:\/\/www.cech.nowytarg.pl\/index.php\/wp-json\/wp\/v2\/tags?post=5999"}],"curies":[{"name":"wp","href":"https:\/\/api.w.org\/{rel}","templated":true}]}}