{"id":6023,"date":"2025-09-29T14:47:13","date_gmt":"2025-09-29T12:47:13","guid":{"rendered":"https:\/\/www.cech.nowytarg.pl\/?p=6023"},"modified":"2025-09-29T14:53:36","modified_gmt":"2025-09-29T12:53:36","slug":"pola-nadziei-2025-2026-podsumowanie","status":"publish","type":"post","link":"https:\/\/www.cech.nowytarg.pl\/index.php\/2025\/09\/29\/pola-nadziei-2025-2026-podsumowanie\/","title":{"rendered":"Pola Nadziei 2025\/2026 \u2013 podsumowanie"},"content":{"rendered":"\n<p><strong>W pierwszej po\u0142owie wrze\u015bnia Szkolne Ko\u0142o Wolontariatu przeprowadzi\u0142o na terenie naszej szko\u0142y akcj\u0119 Pola Nadziei. Podczas szkolnych wywiad\u00f3wek wolontariusze rozprowadzali w\u015br\u00f3d nauczycieli <\/strong><strong>i<\/strong><strong> rodzic\u00f3w \u017conkilowe cebulki. Zebrane \u015brodki w kwocie: 235z\u0142 98gr zosta\u0142y przekazane Fundacji im Adama Worwy w Nowym Targu. Bardzo dzi\u0119kujemy wszystkim zaanga\u017cowanym za wsparcie materialne w trakcie trwania akcji Pola Nadziei!!<\/strong><\/p>\n\n\n\n<p><strong>Celem akcji \u201ePola Nadziei jest pozyskiwanie \u015brodk\u00f3w finansowych na opiek\u0119 nad ci\u0119\u017cko chorymi Propagowanie w spo\u0142ecze\u0144stwie postaw altruistycznych, otwartych na drugiego, zw\u0142aszcza cierpi\u0105cego cz\u0142owieka. Edukacja spo\u0142ecze\u0144stwa, szczeg\u00f3lnie ludzi m\u0142odych w zakresie opieki paliatywno \u2013 hospicyjnej. Pola Nadziei s\u0105 programem, kt\u00f3ry zosta\u0142 stworzony przez Organizacj\u0119 Charytatywn\u0105 Marie Curie Cancer Care w Wielkiej Brytanii.<\/strong><\/p>\n\n\n\n<figure class=\"wp-block-gallery has-nested-images columns-default is-cropped wp-block-gallery-1 is-layout-flex wp-block-gallery-is-layout-flex\">\n<figure class=\"wp-block-image size-large\"><a href=\"https:\/\/www.cech.nowytarg.pl\/wp-content\/uploads\/2025\/09\/0f99450b-8fe3-4d98-94d4-a75472a32640.jpg\"><img decoding=\"async\" loading=\"lazy\" width=\"1024\" height=\"768\" data-id=\"6024\" src=\"https:\/\/www.cech.nowytarg.pl\/wp-content\/uploads\/2025\/09\/0f99450b-8fe3-4d98-94d4-a75472a32640-1024x768.jpg\" alt=\"\" class=\"wp-image-6024\" srcset=\"https:\/\/www.cech.nowytarg.pl\/wp-content\/uploads\/2025\/09\/0f99450b-8fe3-4d98-94d4-a75472a32640-1024x768.jpg 1024w, https:\/\/www.cech.nowytarg.pl\/wp-content\/uploads\/2025\/09\/0f99450b-8fe3-4d98-94d4-a75472a32640-300x225.jpg 300w, https:\/\/www.cech.nowytarg.pl\/wp-content\/uploads\/2025\/09\/0f99450b-8fe3-4d98-94d4-a75472a32640-768x576.jpg 768w, https:\/\/www.cech.nowytarg.pl\/wp-content\/uploads\/2025\/09\/0f99450b-8fe3-4d98-94d4-a75472a32640-1536x1152.jpg 1536w, https:\/\/www.cech.nowytarg.pl\/wp-content\/uploads\/2025\/09\/0f99450b-8fe3-4d98-94d4-a75472a32640.jpg 2048w\" sizes=\"(max-width: 1024px) 100vw, 1024px\" \/><\/a><\/figure>\n\n\n\n<figure class=\"wp-block-image size-large\"><a href=\"https:\/\/www.cech.nowytarg.pl\/wp-content\/uploads\/2025\/09\/547985270_24342112165472926_47838544159179141_n.jpg\"><img decoding=\"async\" loading=\"lazy\" width=\"1024\" height=\"768\" data-id=\"6025\" src=\"https:\/\/www.cech.nowytarg.pl\/wp-content\/uploads\/2025\/09\/547985270_24342112165472926_47838544159179141_n-1024x768.jpg\" alt=\"\" class=\"wp-image-6025\" srcset=\"https:\/\/www.cech.nowytarg.pl\/wp-content\/uploads\/2025\/09\/547985270_24342112165472926_47838544159179141_n-1024x768.jpg 1024w, https:\/\/www.cech.nowytarg.pl\/wp-content\/uploads\/2025\/09\/547985270_24342112165472926_47838544159179141_n-300x225.jpg 300w, https:\/\/www.cech.nowytarg.pl\/wp-content\/uploads\/2025\/09\/547985270_24342112165472926_47838544159179141_n-768x576.jpg 768w, https:\/\/www.cech.nowytarg.pl\/wp-content\/uploads\/2025\/09\/547985270_24342112165472926_47838544159179141_n-1536x1152.jpg 1536w, https:\/\/www.cech.nowytarg.pl\/wp-content\/uploads\/2025\/09\/547985270_24342112165472926_47838544159179141_n.jpg 2048w\" sizes=\"(max-width: 1024px) 100vw, 1024px\" \/><\/a><\/figure>\n\n\n\n<figure class=\"wp-block-image size-large\"><a href=\"https:\/\/www.cech.nowytarg.pl\/wp-content\/uploads\/2025\/09\/548207533_24342111052139704_7567172711370254388_n.jpg\"><img decoding=\"async\" loading=\"lazy\" width=\"1024\" height=\"768\" data-id=\"6026\" src=\"https:\/\/www.cech.nowytarg.pl\/wp-content\/uploads\/2025\/09\/548207533_24342111052139704_7567172711370254388_n-1024x768.jpg\" alt=\"\" class=\"wp-image-6026\" srcset=\"https:\/\/www.cech.nowytarg.pl\/wp-content\/uploads\/2025\/09\/548207533_24342111052139704_7567172711370254388_n-1024x768.jpg 1024w, https:\/\/www.cech.nowytarg.pl\/wp-content\/uploads\/2025\/09\/548207533_24342111052139704_7567172711370254388_n-300x225.jpg 300w, https:\/\/www.cech.nowytarg.pl\/wp-content\/uploads\/2025\/09\/548207533_24342111052139704_7567172711370254388_n-768x576.jpg 768w, https:\/\/www.cech.nowytarg.pl\/wp-content\/uploads\/2025\/09\/548207533_24342111052139704_7567172711370254388_n-1536x1152.jpg 1536w, https:\/\/www.cech.nowytarg.pl\/wp-content\/uploads\/2025\/09\/548207533_24342111052139704_7567172711370254388_n.jpg 2048w\" sizes=\"(max-width: 1024px) 100vw, 1024px\" \/><\/a><\/figure>\n\n\n\n<figure class=\"wp-block-image size-large\"><a href=\"https:\/\/www.cech.nowytarg.pl\/wp-content\/uploads\/2025\/09\/548299117_24342111662139643_9059636914165273694_n.jpg\"><img decoding=\"async\" loading=\"lazy\" width=\"1024\" height=\"768\" data-id=\"6027\" src=\"https:\/\/www.cech.nowytarg.pl\/wp-content\/uploads\/2025\/09\/548299117_24342111662139643_9059636914165273694_n-1024x768.jpg\" alt=\"\" class=\"wp-image-6027\" srcset=\"https:\/\/www.cech.nowytarg.pl\/wp-content\/uploads\/2025\/09\/548299117_24342111662139643_9059636914165273694_n-1024x768.jpg 1024w, https:\/\/www.cech.nowytarg.pl\/wp-content\/uploads\/2025\/09\/548299117_24342111662139643_9059636914165273694_n-300x225.jpg 300w, https:\/\/www.cech.nowytarg.pl\/wp-content\/uploads\/2025\/09\/548299117_24342111662139643_9059636914165273694_n-768x576.jpg 768w, https:\/\/www.cech.nowytarg.pl\/wp-content\/uploads\/2025\/09\/548299117_24342111662139643_9059636914165273694_n-1536x1152.jpg 1536w, https:\/\/www.cech.nowytarg.pl\/wp-content\/uploads\/2025\/09\/548299117_24342111662139643_9059636914165273694_n.jpg 2048w\" sizes=\"(max-width: 1024px) 100vw, 1024px\" \/><\/a><\/figure>\n\n\n\n<figure class=\"wp-block-image size-large\"><a href=\"https:\/\/www.cech.nowytarg.pl\/wp-content\/uploads\/2025\/09\/f8f35482-e5ef-4cc8-ab70-3fbcd84706a3-768x1024.jpg\"><img decoding=\"async\" loading=\"lazy\" width=\"768\" height=\"1024\" data-id=\"6029\" src=\"https:\/\/www.cech.nowytarg.pl\/wp-content\/uploads\/2025\/09\/f8f35482-e5ef-4cc8-ab70-3fbcd84706a3-768x1024.jpg\" alt=\"\" class=\"wp-image-6029\" srcset=\"https:\/\/www.cech.nowytarg.pl\/wp-content\/uploads\/2025\/09\/f8f35482-e5ef-4cc8-ab70-3fbcd84706a3-768x1024.jpg 768w, https:\/\/www.cech.nowytarg.pl\/wp-content\/uploads\/2025\/09\/f8f35482-e5ef-4cc8-ab70-3fbcd84706a3-225x300.jpg 225w, https:\/\/www.cech.nowytarg.pl\/wp-content\/uploads\/2025\/09\/f8f35482-e5ef-4cc8-ab70-3fbcd84706a3-1152x1536.jpg 1152w, https:\/\/www.cech.nowytarg.pl\/wp-content\/uploads\/2025\/09\/f8f35482-e5ef-4cc8-ab70-3fbcd84706a3.jpg 1536w\" sizes=\"(max-width: 768px) 100vw, 768px\" \/><\/a><\/figure>\n\n\n\n<figure class=\"wp-block-image size-large\"><a href=\"https:\/\/www.cech.nowytarg.pl\/wp-content\/uploads\/2025\/09\/20250929142007363_0001-scaled.jpg\"><img decoding=\"async\" loading=\"lazy\" width=\"724\" height=\"1024\" data-id=\"6030\" src=\"https:\/\/www.cech.nowytarg.pl\/wp-content\/uploads\/2025\/09\/20250929142007363_0001-724x1024.jpg\" alt=\"\" class=\"wp-image-6030\" srcset=\"https:\/\/www.cech.nowytarg.pl\/wp-content\/uploads\/2025\/09\/20250929142007363_0001-724x1024.jpg 724w, https:\/\/www.cech.nowytarg.pl\/wp-content\/uploads\/2025\/09\/20250929142007363_0001-212x300.jpg 212w, https:\/\/www.cech.nowytarg.pl\/wp-content\/uploads\/2025\/09\/20250929142007363_0001-768x1086.jpg 768w, https:\/\/www.cech.nowytarg.pl\/wp-content\/uploads\/2025\/09\/20250929142007363_0001-1086x1536.jpg 1086w, https:\/\/www.cech.nowytarg.pl\/wp-content\/uploads\/2025\/09\/20250929142007363_0001-1448x2048.jpg 1448w, https:\/\/www.cech.nowytarg.pl\/wp-content\/uploads\/2025\/09\/20250929142007363_0001-scaled.jpg 1810w\" sizes=\"(max-width: 724px) 100vw, 724px\" \/><\/a><\/figure>\n<\/figure>\n","protected":false},"excerpt":{"rendered":"<p>W pierwszej po\u0142owie wrze\u015bnia Szkolne Ko\u0142o Wolontariatu przeprowadzi\u0142o na terenie naszej szko\u0142y akcj\u0119 Pola Nadziei. Podczas szkolnych wywiad\u00f3wek wolontariusze rozprowadzali w\u015br\u00f3d nauczycieli i rodzic\u00f3w \u017conkilowe cebulki. Zebrane \u015brodki w kwocie: 235z\u0142 98gr zosta\u0142y przekazane Fundacji im Adama Worwy w Nowym Targu. Bardzo dzi\u0119kujemy wszystkim zaanga\u017cowanym za wsparcie materialne w trakcie trwania akcji Pola Nadziei!! Celem [&hellip;]<\/p>\n","protected":false},"author":3,"featured_media":6030,"comment_status":"closed","ping_status":"closed","sticky":false,"template":"","format":"standard","meta":{"footnotes":""},"categories":[7],"tags":[],"featured_image":"https:\/\/www.cech.nowytarg.pl\/wp-content\/uploads\/2025\/09\/20250929142007363_0001-scaled.jpg","_links":{"self":[{"href":"https:\/\/www.cech.nowytarg.pl\/index.php\/wp-json\/wp\/v2\/posts\/6023"}],"collection":[{"href":"https:\/\/www.cech.nowytarg.pl\/index.php\/wp-json\/wp\/v2\/posts"}],"about":[{"href":"https:\/\/www.cech.nowytarg.pl\/index.php\/wp-json\/wp\/v2\/types\/post"}],"author":[{"embeddable":true,"href":"https:\/\/www.cech.nowytarg.pl\/index.php\/wp-json\/wp\/v2\/users\/3"}],"replies":[{"embeddable":true,"href":"https:\/\/www.cech.nowytarg.pl\/index.php\/wp-json\/wp\/v2\/comments?post=6023"}],"version-history":[{"count":3,"href":"https:\/\/www.cech.nowytarg.pl\/index.php\/wp-json\/wp\/v2\/posts\/6023\/revisions"}],"predecessor-version":[{"id":6040,"href":"https:\/\/www.cech.nowytarg.pl\/index.php\/wp-json\/wp\/v2\/posts\/6023\/revisions\/6040"}],"wp:featuredmedia":[{"embeddable":true,"href":"https:\/\/www.cech.nowytarg.pl\/index.php\/wp-json\/wp\/v2\/media\/6030"}],"wp:attachment":[{"href":"https:\/\/www.cech.nowytarg.pl\/index.php\/wp-json\/wp\/v2\/media?parent=6023"}],"wp:term":[{"taxonomy":"category","embeddable":true,"href":"https:\/\/www.cech.nowytarg.pl\/index.php\/wp-json\/wp\/v2\/categories?post=6023"},{"taxonomy":"post_tag","embeddable":true,"href":"https:\/\/www.cech.nowytarg.pl\/index.php\/wp-json\/wp\/v2\/tags?post=6023"}],"curies":[{"name":"wp","href":"https:\/\/api.w.org\/{rel}","templated":true}]}}