{"id":6045,"date":"2025-10-03T08:15:47","date_gmt":"2025-10-03T06:15:47","guid":{"rendered":"https:\/\/www.cech.nowytarg.pl\/?p=6045"},"modified":"2025-10-03T08:15:47","modified_gmt":"2025-10-03T06:15:47","slug":"znamie-znam-je","status":"publish","type":"post","link":"https:\/\/www.cech.nowytarg.pl\/index.php\/2025\/10\/03\/znamie-znam-je\/","title":{"rendered":"Znami\u0119! Znam je?"},"content":{"rendered":"\n<p>Nasza szko\u0142a w roku szkolnym 2024\/2025 wzi\u0119\u0142a udzia\u0142 w programie edukacyjnym Pa\u0144stwowej Stacji Sanitarno-Epidemiologicznej w Nowym Targu &#8222;Znami\u0119! Znam je?&#8221;. Program dotyczy\u0142 profilaktyki nowotworu z\u0142o\u015bliwego sk\u00f3ry &#8211; czerniaka. <\/p>\n\n\n\n<p>Koordynator projektu: Pani Ma\u0142gorzata Bro\u017cek.<\/p>\n\n\n\n<figure class=\"wp-block-gallery has-nested-images columns-default is-cropped wp-block-gallery-1 is-layout-flex wp-block-gallery-is-layout-flex\">\n<figure class=\"wp-block-image size-large\"><a href=\"https:\/\/www.cech.nowytarg.pl\/wp-content\/uploads\/2025\/10\/Znamie-Znam-je-scaled.jpg\"><img decoding=\"async\" loading=\"lazy\" width=\"1024\" height=\"724\" data-id=\"6046\" src=\"https:\/\/www.cech.nowytarg.pl\/wp-content\/uploads\/2025\/10\/Znamie-Znam-je-1024x724.jpg\" alt=\"\" class=\"wp-image-6046\" srcset=\"https:\/\/www.cech.nowytarg.pl\/wp-content\/uploads\/2025\/10\/Znamie-Znam-je-1024x724.jpg 1024w, https:\/\/www.cech.nowytarg.pl\/wp-content\/uploads\/2025\/10\/Znamie-Znam-je-300x212.jpg 300w, https:\/\/www.cech.nowytarg.pl\/wp-content\/uploads\/2025\/10\/Znamie-Znam-je-768x543.jpg 768w, https:\/\/www.cech.nowytarg.pl\/wp-content\/uploads\/2025\/10\/Znamie-Znam-je-1536x1085.jpg 1536w, https:\/\/www.cech.nowytarg.pl\/wp-content\/uploads\/2025\/10\/Znamie-Znam-je-2048x1447.jpg 2048w\" sizes=\"(max-width: 1024px) 100vw, 1024px\" \/><\/a><\/figure>\n<\/figure>\n","protected":false},"excerpt":{"rendered":"<p>Nasza szko\u0142a w roku szkolnym 2024\/2025 wzi\u0119\u0142a udzia\u0142 w programie edukacyjnym Pa\u0144stwowej Stacji Sanitarno-Epidemiologicznej w Nowym Targu &#8222;Znami\u0119! Znam je?&#8221;. Program dotyczy\u0142 profilaktyki nowotworu z\u0142o\u015bliwego sk\u00f3ry &#8211; czerniaka. Koordynator projektu: Pani Ma\u0142gorzata Bro\u017cek.<\/p>\n","protected":false},"author":3,"featured_media":6046,"comment_status":"closed","ping_status":"closed","sticky":false,"template":"","format":"standard","meta":{"footnotes":""},"categories":[7],"tags":[],"featured_image":"https:\/\/www.cech.nowytarg.pl\/wp-content\/uploads\/2025\/10\/Znamie-Znam-je-scaled.jpg","_links":{"self":[{"href":"https:\/\/www.cech.nowytarg.pl\/index.php\/wp-json\/wp\/v2\/posts\/6045"}],"collection":[{"href":"https:\/\/www.cech.nowytarg.pl\/index.php\/wp-json\/wp\/v2\/posts"}],"about":[{"href":"https:\/\/www.cech.nowytarg.pl\/index.php\/wp-json\/wp\/v2\/types\/post"}],"author":[{"embeddable":true,"href":"https:\/\/www.cech.nowytarg.pl\/index.php\/wp-json\/wp\/v2\/users\/3"}],"replies":[{"embeddable":true,"href":"https:\/\/www.cech.nowytarg.pl\/index.php\/wp-json\/wp\/v2\/comments?post=6045"}],"version-history":[{"count":1,"href":"https:\/\/www.cech.nowytarg.pl\/index.php\/wp-json\/wp\/v2\/posts\/6045\/revisions"}],"predecessor-version":[{"id":6047,"href":"https:\/\/www.cech.nowytarg.pl\/index.php\/wp-json\/wp\/v2\/posts\/6045\/revisions\/6047"}],"wp:featuredmedia":[{"embeddable":true,"href":"https:\/\/www.cech.nowytarg.pl\/index.php\/wp-json\/wp\/v2\/media\/6046"}],"wp:attachment":[{"href":"https:\/\/www.cech.nowytarg.pl\/index.php\/wp-json\/wp\/v2\/media?parent=6045"}],"wp:term":[{"taxonomy":"category","embeddable":true,"href":"https:\/\/www.cech.nowytarg.pl\/index.php\/wp-json\/wp\/v2\/categories?post=6045"},{"taxonomy":"post_tag","embeddable":true,"href":"https:\/\/www.cech.nowytarg.pl\/index.php\/wp-json\/wp\/v2\/tags?post=6045"}],"curies":[{"name":"wp","href":"https:\/\/api.w.org\/{rel}","templated":true}]}}